{"id":31041,"date":"2026-09-05T13:25:00","date_gmt":"2026-09-05T11:25:00","guid":{"rendered":"https:\/\/kosovatimes.info\/?p=31041"},"modified":"2026-09-05T13:53:29","modified_gmt":"2026-09-05T11:53:29","slug":"ugsh-mbyllja-e-akseseve-ne-rrjetet-sociale-per-faqet-euronewsalbania-eshte-alarm-per-lirine-e-komunikimit","status":"publish","type":"post","link":"https:\/\/kosovatimes.info\/index.php\/2026\/09\/05\/ugsh-mbyllja-e-akseseve-ne-rrjetet-sociale-per-faqet-euronewsalbania-eshte-alarm-per-lirine-e-komunikimit\/","title":{"rendered":"UGSh: Mbyllja e akseseve n\u00eb rrjetet sociale p\u00ebr faqet EuronewsAlbania \u00ebsht\u00eb alarm p\u00ebr lirin\u00eb e komunikimit"},"content":{"rendered":"\n<p class=\"wp-block-paragraph\">Media euronewsalbania ka denoncuar publikisht mos aksesimin e faqes s\u00eb vet zyrtare n\u00eb Instagram. Alarmi p\u00ebr k\u00ebt\u00eb kufizim t\u00eb nj\u00eb medie profesioniste n\u00eb rrjetin e Inatagramit, \u00ebsht\u00eb nj\u00eb akt antiligjor q\u00eb shkakton c\u00ebnim t\u00eb s\u00eb drejt\u00ebs komunikuese dhe raportuese n\u00eb hap\u00ebsir\u00ebn e rrjeteve sociale.<\/p>\n\n\n\n<p class=\"wp-block-paragraph\">Ankesa dhe denoncime t\u00eb tilla ka pasur gjat\u00eb dit\u00ebve t\u00eb fundit edhe nga p\u00ebrdorues t\u00eb shumt\u00eb dhe gazetar\u00eb t\u00eb ve\u00e7ant\u00eb. P\u00ebrballja e tyre me njoftimin \u2018user not found\u2019, \u00ebsht\u00eb i vetmi njoftim zyrtar virtual, nd\u00ebrkoh\u00eb q\u00eb \u00ebsht\u00eb e domosdoshme t\u00eb sqarohet publikisht se si q\u00ebndron e verteta dhe prej nga vjen ky protagoniz\u00ebm bllokues.<\/p>\n\n\n\n<p class=\"wp-block-paragraph\">UGSH k\u00ebrkon nga enti publik AKEP t\u00eb sqaroj\u00eb p\u00ebrmes Meta, se si dhe ku q\u00ebndron problemi p\u00ebr k\u00ebt\u00eb akses t\u00eb nd\u00ebrprer\u00eb arbitrarisht p\u00ebr media, gazetar\u00eb dhe qytetar\u00eb.<\/p>\n\n\n\n<p class=\"wp-block-paragraph\">UGSH fton koleg\u00eb dhe media t\u00eb tjera, t\u00eb cil\u00ebt p\u00ebrballen me k\u00ebt\u00eb bllokim apo nd\u00ebrprerje t\u00eb mund\u00ebsis\u00eb s\u00eb p\u00ebrdorimit t\u00eb aksesit n\u00eb Instagram apo rrjete t\u00eb tjera sociale, t\u00eb denoncojn\u00eb rastet dhe t\u00eb k\u00ebrkojn\u00eb shpjegime.<\/p>\n\n\n\n<p class=\"wp-block-paragraph\">Organet kund\u00ebr krimit kibernetik n\u00eb vend, sipas pik\u00ebpamjes s\u00eb UGSH, k\u00ebto raste duhet t\u2019i marrin n\u00eb konsiderat\u00eb si ankesa dhe indicie p\u00ebr t\u00eb nisur nj\u00eb hetim n\u00eb bashk\u00ebpunim dhe me detyrimin raportues prej Meta-s.<\/p>\n\n\n\n<p class=\"wp-block-paragraph\">Shtimi i rasteve t\u00eb k\u00ebtyre bllokimeve dhe sidomos prekja e aksesit p\u00ebr mediat profesioniste, n\u00eb kanale t\u00eb tilla si instagrami, nuk mund t\u00eb konsiderohet kurr\u00ebsesi nj\u00eb rast\u00ebsi. Kompania Meta ka detyrimin e nd\u00ebrhyrjes s\u00eb menj\u00ebhershme p\u00ebr mund\u00ebsimin e aksesit, por edhe p\u00ebr t\u00eb sqaruar arsyet reale t\u00eb k\u00ebtyre bllokimeve n\u00eb llogarit\u00eb shqiptare.<\/p>\n\n\n\n<p class=\"wp-block-paragraph\">Autoritetet e vendit duhet t\u00eb reagojn\u00eb urgjentisht, aq m\u00eb tep\u00ebr kur inszitucionet e linj\u00ebs pretendojn\u00eb se investimet shtet\u00ebrore dhe publike p\u00ebr lirin\u00eb e komunikimit, transmetimit dhe aksesimit edhe p\u00ebrmes rrjeteve sociale, jan\u00eb nd\u00ebr m\u00eb t\u00eb lartat n\u00eb rajon.<\/p>\n","protected":false},"excerpt":{"rendered":"<p>Media euronewsalbania ka denoncuar publikisht mos aksesimin e faqes s\u00eb vet zyrtare n\u00eb Instagram. Alarmi p\u00ebr k\u00ebt\u00eb kufizim t\u00eb nj\u00eb medie profesioniste n\u00eb rrjetin e Inatagramit, \u00ebsht\u00eb nj\u00eb akt antiligjor q\u00eb shkakton c\u00ebnim t\u00eb s\u00eb drejt\u00ebs komunikuese dhe raportuese n\u00eb hap\u00ebsir\u00ebn e rrjeteve sociale. Ankesa dhe denoncime t\u00eb tilla ka pasur gjat\u00eb dit\u00ebve t\u00eb fundit [&hellip;]<\/p>\n","protected":false},"author":4,"featured_media":7775,"comment_status":"open","ping_status":"open","sticky":false,"template":"","format":"standard","meta":{"footnotes":""},"categories":[31,30],"tags":[],"class_list":["post-31041","post","type-post","status-publish","format-standard","has-post-thumbnail","category-kosove","category-lajme"],"yoast_head":"<!-- This site is optimized with the Yoast SEO plugin v27.4 - https:\/\/yoast.com\/product\/yoast-seo-wordpress\/ -->\n<title>UGSh: Mbyllja e akseseve n\u00eb rrjetet sociale p\u00ebr faqet EuronewsAlbania \u00ebsht\u00eb alarm p\u00ebr lirin\u00eb e komunikimit - Kosova Times<\/title>\n<meta name=\"robots\" content=\"index, follow, max-snippet:-1, max-image-preview:large, max-video-preview:-1\" \/>\n<link rel=\"canonical\" href=\"https:\/\/kosovatimes.info\/index.php\/2026\/09\/05\/ugsh-mbyllja-e-akseseve-ne-rrjetet-sociale-per-faqet-euronewsalbania-eshte-alarm-per-lirine-e-komunikimit\/\" \/>\n<meta property=\"og:locale\" content=\"en_US\" \/>\n<meta property=\"og:type\" content=\"article\" \/>\n<meta property=\"og:title\" content=\"UGSh: Mbyllja e akseseve n\u00eb rrjetet sociale p\u00ebr faqet EuronewsAlbania \u00ebsht\u00eb alarm p\u00ebr lirin\u00eb e komunikimit - Kosova Times\" \/>\n<meta property=\"og:description\" content=\"Media euronewsalbania ka denoncuar publikisht mos aksesimin e faqes s\u00eb vet zyrtare n\u00eb Instagram. Alarmi p\u00ebr k\u00ebt\u00eb kufizim t\u00eb nj\u00eb medie profesioniste n\u00eb rrjetin e Inatagramit, \u00ebsht\u00eb nj\u00eb akt antiligjor q\u00eb shkakton c\u00ebnim t\u00eb s\u00eb drejt\u00ebs komunikuese dhe raportuese n\u00eb hap\u00ebsir\u00ebn e rrjeteve sociale. Ankesa dhe denoncime t\u00eb tilla ka pasur gjat\u00eb dit\u00ebve t\u00eb fundit [&hellip;]\" \/>\n<meta property=\"og:url\" content=\"https:\/\/kosovatimes.info\/index.php\/2026\/09\/05\/ugsh-mbyllja-e-akseseve-ne-rrjetet-sociale-per-faqet-euronewsalbania-eshte-alarm-per-lirine-e-komunikimit\/\" \/>\n<meta property=\"og:site_name\" content=\"Kosova Times\" \/>\n<meta property=\"article:published_time\" content=\"2026-09-05T11:25:00+00:00\" \/>\n<meta property=\"article:modified_time\" content=\"2026-09-05T11:53:29+00:00\" \/>\n<meta property=\"og:image\" content=\"https:\/\/kosovatimes.info\/wp-content\/uploads\/2026\/04\/UGSh.jpeg\" \/>\n\t<meta property=\"og:image:width\" content=\"173\" \/>\n\t<meta property=\"og:image:height\" content=\"163\" \/>\n\t<meta property=\"og:image:type\" content=\"image\/jpeg\" \/>\n<meta name=\"author\" content=\"i l\" \/>\n<meta name=\"twitter:card\" content=\"summary_large_image\" \/>\n<meta name=\"twitter:label1\" content=\"Written by\" \/>\n\t<meta name=\"twitter:data1\" content=\"i l\" \/>\n\t<meta name=\"twitter:label2\" content=\"Est. reading time\" \/>\n\t<meta name=\"twitter:data2\" content=\"2 minutes\" \/>\n<script type=\"application\/ld+json\" class=\"yoast-schema-graph\">{\"@context\":\"https:\\\/\\\/schema.org\",\"@graph\":[{\"@type\":\"Article\",\"@id\":\"https:\\\/\\\/kosovatimes.info\\\/index.php\\\/2026\\\/09\\\/05\\\/ugsh-mbyllja-e-akseseve-ne-rrjetet-sociale-per-faqet-euronewsalbania-eshte-alarm-per-lirine-e-komunikimit\\\/#article\",\"isPartOf\":{\"@id\":\"https:\\\/\\\/kosovatimes.info\\\/index.php\\\/2026\\\/09\\\/05\\\/ugsh-mbyllja-e-akseseve-ne-rrjetet-sociale-per-faqet-euronewsalbania-eshte-alarm-per-lirine-e-komunikimit\\\/\"},\"author\":{\"name\":\"i l\",\"@id\":\"https:\\\/\\\/kosovatimes.info\\\/#\\\/schema\\\/person\\\/7586712b9c512fe68085de007378c915\"},\"headline\":\"UGSh: Mbyllja e akseseve n\u00eb rrjetet sociale p\u00ebr faqet EuronewsAlbania \u00ebsht\u00eb alarm p\u00ebr lirin\u00eb e komunikimit\",\"datePublished\":\"2026-09-05T11:25:00+00:00\",\"dateModified\":\"2026-09-05T11:53:29+00:00\",\"mainEntityOfPage\":{\"@id\":\"https:\\\/\\\/kosovatimes.info\\\/index.php\\\/2026\\\/09\\\/05\\\/ugsh-mbyllja-e-akseseve-ne-rrjetet-sociale-per-faqet-euronewsalbania-eshte-alarm-per-lirine-e-komunikimit\\\/\"},\"wordCount\":351,\"commentCount\":0,\"image\":{\"@id\":\"https:\\\/\\\/kosovatimes.info\\\/index.php\\\/2026\\\/09\\\/05\\\/ugsh-mbyllja-e-akseseve-ne-rrjetet-sociale-per-faqet-euronewsalbania-eshte-alarm-per-lirine-e-komunikimit\\\/#primaryimage\"},\"thumbnailUrl\":\"https:\\\/\\\/kosovatimes.info\\\/wp-content\\\/uploads\\\/2026\\\/04\\\/UGSh.jpeg\",\"articleSection\":[\"Kosov\u00eb\",\"Lajme\"],\"inLanguage\":\"en-US\",\"potentialAction\":[{\"@type\":\"CommentAction\",\"name\":\"Comment\",\"target\":[\"https:\\\/\\\/kosovatimes.info\\\/index.php\\\/2026\\\/09\\\/05\\\/ugsh-mbyllja-e-akseseve-ne-rrjetet-sociale-per-faqet-euronewsalbania-eshte-alarm-per-lirine-e-komunikimit\\\/#respond\"]}]},{\"@type\":\"WebPage\",\"@id\":\"https:\\\/\\\/kosovatimes.info\\\/index.php\\\/2026\\\/09\\\/05\\\/ugsh-mbyllja-e-akseseve-ne-rrjetet-sociale-per-faqet-euronewsalbania-eshte-alarm-per-lirine-e-komunikimit\\\/\",\"url\":\"https:\\\/\\\/kosovatimes.info\\\/index.php\\\/2026\\\/09\\\/05\\\/ugsh-mbyllja-e-akseseve-ne-rrjetet-sociale-per-faqet-euronewsalbania-eshte-alarm-per-lirine-e-komunikimit\\\/\",\"name\":\"UGSh: Mbyllja e akseseve n\u00eb rrjetet sociale p\u00ebr faqet EuronewsAlbania \u00ebsht\u00eb alarm p\u00ebr lirin\u00eb e komunikimit - Kosova Times\",\"isPartOf\":{\"@id\":\"https:\\\/\\\/kosovatimes.info\\\/#website\"},\"primaryImageOfPage\":{\"@id\":\"https:\\\/\\\/kosovatimes.info\\\/index.php\\\/2026\\\/09\\\/05\\\/ugsh-mbyllja-e-akseseve-ne-rrjetet-sociale-per-faqet-euronewsalbania-eshte-alarm-per-lirine-e-komunikimit\\\/#primaryimage\"},\"image\":{\"@id\":\"https:\\\/\\\/kosovatimes.info\\\/index.php\\\/2026\\\/09\\\/05\\\/ugsh-mbyllja-e-akseseve-ne-rrjetet-sociale-per-faqet-euronewsalbania-eshte-alarm-per-lirine-e-komunikimit\\\/#primaryimage\"},\"thumbnailUrl\":\"https:\\\/\\\/kosovatimes.info\\\/wp-content\\\/uploads\\\/2026\\\/04\\\/UGSh.jpeg\",\"datePublished\":\"2026-09-05T11:25:00+00:00\",\"dateModified\":\"2026-09-05T11:53:29+00:00\",\"author\":{\"@id\":\"https:\\\/\\\/kosovatimes.info\\\/#\\\/schema\\\/person\\\/7586712b9c512fe68085de007378c915\"},\"breadcrumb\":{\"@id\":\"https:\\\/\\\/kosovatimes.info\\\/index.php\\\/2026\\\/09\\\/05\\\/ugsh-mbyllja-e-akseseve-ne-rrjetet-sociale-per-faqet-euronewsalbania-eshte-alarm-per-lirine-e-komunikimit\\\/#breadcrumb\"},\"inLanguage\":\"en-US\",\"potentialAction\":[{\"@type\":\"ReadAction\",\"target\":[\"https:\\\/\\\/kosovatimes.info\\\/index.php\\\/2026\\\/09\\\/05\\\/ugsh-mbyllja-e-akseseve-ne-rrjetet-sociale-per-faqet-euronewsalbania-eshte-alarm-per-lirine-e-komunikimit\\\/\"]}]},{\"@type\":\"ImageObject\",\"inLanguage\":\"en-US\",\"@id\":\"https:\\\/\\\/kosovatimes.info\\\/index.php\\\/2026\\\/09\\\/05\\\/ugsh-mbyllja-e-akseseve-ne-rrjetet-sociale-per-faqet-euronewsalbania-eshte-alarm-per-lirine-e-komunikimit\\\/#primaryimage\",\"url\":\"https:\\\/\\\/kosovatimes.info\\\/wp-content\\\/uploads\\\/2026\\\/04\\\/UGSh.jpeg\",\"contentUrl\":\"https:\\\/\\\/kosovatimes.info\\\/wp-content\\\/uploads\\\/2026\\\/04\\\/UGSh.jpeg\",\"width\":173,\"height\":163},{\"@type\":\"BreadcrumbList\",\"@id\":\"https:\\\/\\\/kosovatimes.info\\\/index.php\\\/2026\\\/09\\\/05\\\/ugsh-mbyllja-e-akseseve-ne-rrjetet-sociale-per-faqet-euronewsalbania-eshte-alarm-per-lirine-e-komunikimit\\\/#breadcrumb\",\"itemListElement\":[{\"@type\":\"ListItem\",\"position\":1,\"name\":\"Home\",\"item\":\"https:\\\/\\\/kosovatimes.info\\\/\"},{\"@type\":\"ListItem\",\"position\":2,\"name\":\"UGSh: Mbyllja e akseseve n\u00eb rrjetet sociale p\u00ebr faqet EuronewsAlbania \u00ebsht\u00eb alarm p\u00ebr lirin\u00eb e komunikimit\"}]},{\"@type\":\"WebSite\",\"@id\":\"https:\\\/\\\/kosovatimes.info\\\/#website\",\"url\":\"https:\\\/\\\/kosovatimes.info\\\/\",\"name\":\"Kosova Times\",\"description\":\"\",\"potentialAction\":[{\"@type\":\"SearchAction\",\"target\":{\"@type\":\"EntryPoint\",\"urlTemplate\":\"https:\\\/\\\/kosovatimes.info\\\/?s={search_term_string}\"},\"query-input\":{\"@type\":\"PropertyValueSpecification\",\"valueRequired\":true,\"valueName\":\"search_term_string\"}}],\"inLanguage\":\"en-US\"},{\"@type\":\"Person\",\"@id\":\"https:\\\/\\\/kosovatimes.info\\\/#\\\/schema\\\/person\\\/7586712b9c512fe68085de007378c915\",\"name\":\"i l\",\"image\":{\"@type\":\"ImageObject\",\"inLanguage\":\"en-US\",\"@id\":\"https:\\\/\\\/secure.gravatar.com\\\/avatar\\\/bad9296e02816160ae2e2435beda58222022298d5625d49fea74d18816fbb31d?s=96&d=mm&r=g\",\"url\":\"https:\\\/\\\/secure.gravatar.com\\\/avatar\\\/bad9296e02816160ae2e2435beda58222022298d5625d49fea74d18816fbb31d?s=96&d=mm&r=g\",\"contentUrl\":\"https:\\\/\\\/secure.gravatar.com\\\/avatar\\\/bad9296e02816160ae2e2435beda58222022298d5625d49fea74d18816fbb31d?s=96&d=mm&r=g\",\"caption\":\"i l\"},\"url\":\"https:\\\/\\\/kosovatimes.info\\\/index.php\\\/author\\\/iliri\\\/\"}]}<\/script>\n<!-- \/ Yoast SEO plugin. -->","yoast_head_json":{"title":"UGSh: Mbyllja e akseseve n\u00eb rrjetet sociale p\u00ebr faqet EuronewsAlbania \u00ebsht\u00eb alarm p\u00ebr lirin\u00eb e komunikimit - Kosova Times","robots":{"index":"index","follow":"follow","max-snippet":"max-snippet:-1","max-image-preview":"max-image-preview:large","max-video-preview":"max-video-preview:-1"},"canonical":"https:\/\/kosovatimes.info\/index.php\/2026\/09\/05\/ugsh-mbyllja-e-akseseve-ne-rrjetet-sociale-per-faqet-euronewsalbania-eshte-alarm-per-lirine-e-komunikimit\/","og_locale":"en_US","og_type":"article","og_title":"UGSh: Mbyllja e akseseve n\u00eb rrjetet sociale p\u00ebr faqet EuronewsAlbania \u00ebsht\u00eb alarm p\u00ebr lirin\u00eb e komunikimit - Kosova Times","og_description":"Media euronewsalbania ka denoncuar publikisht mos aksesimin e faqes s\u00eb vet zyrtare n\u00eb Instagram. Alarmi p\u00ebr k\u00ebt\u00eb kufizim t\u00eb nj\u00eb medie profesioniste n\u00eb rrjetin e Inatagramit, \u00ebsht\u00eb nj\u00eb akt antiligjor q\u00eb shkakton c\u00ebnim t\u00eb s\u00eb drejt\u00ebs komunikuese dhe raportuese n\u00eb hap\u00ebsir\u00ebn e rrjeteve sociale. Ankesa dhe denoncime t\u00eb tilla ka pasur gjat\u00eb dit\u00ebve t\u00eb fundit [&hellip;]","og_url":"https:\/\/kosovatimes.info\/index.php\/2026\/09\/05\/ugsh-mbyllja-e-akseseve-ne-rrjetet-sociale-per-faqet-euronewsalbania-eshte-alarm-per-lirine-e-komunikimit\/","og_site_name":"Kosova Times","article_published_time":"2026-09-05T11:25:00+00:00","article_modified_time":"2026-09-05T11:53:29+00:00","og_image":[{"width":173,"height":163,"url":"https:\/\/kosovatimes.info\/wp-content\/uploads\/2026\/04\/UGSh.jpeg","type":"image\/jpeg"}],"author":"i l","twitter_card":"summary_large_image","twitter_misc":{"Written by":"i l","Est. reading time":"2 minutes"},"schema":{"@context":"https:\/\/schema.org","@graph":[{"@type":"Article","@id":"https:\/\/kosovatimes.info\/index.php\/2026\/09\/05\/ugsh-mbyllja-e-akseseve-ne-rrjetet-sociale-per-faqet-euronewsalbania-eshte-alarm-per-lirine-e-komunikimit\/#article","isPartOf":{"@id":"https:\/\/kosovatimes.info\/index.php\/2026\/09\/05\/ugsh-mbyllja-e-akseseve-ne-rrjetet-sociale-per-faqet-euronewsalbania-eshte-alarm-per-lirine-e-komunikimit\/"},"author":{"name":"i l","@id":"https:\/\/kosovatimes.info\/#\/schema\/person\/7586712b9c512fe68085de007378c915"},"headline":"UGSh: Mbyllja e akseseve n\u00eb rrjetet sociale p\u00ebr faqet EuronewsAlbania \u00ebsht\u00eb alarm p\u00ebr lirin\u00eb e komunikimit","datePublished":"2026-09-05T11:25:00+00:00","dateModified":"2026-09-05T11:53:29+00:00","mainEntityOfPage":{"@id":"https:\/\/kosovatimes.info\/index.php\/2026\/09\/05\/ugsh-mbyllja-e-akseseve-ne-rrjetet-sociale-per-faqet-euronewsalbania-eshte-alarm-per-lirine-e-komunikimit\/"},"wordCount":351,"commentCount":0,"image":{"@id":"https:\/\/kosovatimes.info\/index.php\/2026\/09\/05\/ugsh-mbyllja-e-akseseve-ne-rrjetet-sociale-per-faqet-euronewsalbania-eshte-alarm-per-lirine-e-komunikimit\/#primaryimage"},"thumbnailUrl":"https:\/\/kosovatimes.info\/wp-content\/uploads\/2026\/04\/UGSh.jpeg","articleSection":["Kosov\u00eb","Lajme"],"inLanguage":"en-US","potentialAction":[{"@type":"CommentAction","name":"Comment","target":["https:\/\/kosovatimes.info\/index.php\/2026\/09\/05\/ugsh-mbyllja-e-akseseve-ne-rrjetet-sociale-per-faqet-euronewsalbania-eshte-alarm-per-lirine-e-komunikimit\/#respond"]}]},{"@type":"WebPage","@id":"https:\/\/kosovatimes.info\/index.php\/2026\/09\/05\/ugsh-mbyllja-e-akseseve-ne-rrjetet-sociale-per-faqet-euronewsalbania-eshte-alarm-per-lirine-e-komunikimit\/","url":"https:\/\/kosovatimes.info\/index.php\/2026\/09\/05\/ugsh-mbyllja-e-akseseve-ne-rrjetet-sociale-per-faqet-euronewsalbania-eshte-alarm-per-lirine-e-komunikimit\/","name":"UGSh: Mbyllja e akseseve n\u00eb rrjetet sociale p\u00ebr faqet EuronewsAlbania \u00ebsht\u00eb alarm p\u00ebr lirin\u00eb e komunikimit - Kosova Times","isPartOf":{"@id":"https:\/\/kosovatimes.info\/#website"},"primaryImageOfPage":{"@id":"https:\/\/kosovatimes.info\/index.php\/2026\/09\/05\/ugsh-mbyllja-e-akseseve-ne-rrjetet-sociale-per-faqet-euronewsalbania-eshte-alarm-per-lirine-e-komunikimit\/#primaryimage"},"image":{"@id":"https:\/\/kosovatimes.info\/index.php\/2026\/09\/05\/ugsh-mbyllja-e-akseseve-ne-rrjetet-sociale-per-faqet-euronewsalbania-eshte-alarm-per-lirine-e-komunikimit\/#primaryimage"},"thumbnailUrl":"https:\/\/kosovatimes.info\/wp-content\/uploads\/2026\/04\/UGSh.jpeg","datePublished":"2026-09-05T11:25:00+00:00","dateModified":"2026-09-05T11:53:29+00:00","author":{"@id":"https:\/\/kosovatimes.info\/#\/schema\/person\/7586712b9c512fe68085de007378c915"},"breadcrumb":{"@id":"https:\/\/kosovatimes.info\/index.php\/2026\/09\/05\/ugsh-mbyllja-e-akseseve-ne-rrjetet-sociale-per-faqet-euronewsalbania-eshte-alarm-per-lirine-e-komunikimit\/#breadcrumb"},"inLanguage":"en-US","potentialAction":[{"@type":"ReadAction","target":["https:\/\/kosovatimes.info\/index.php\/2026\/09\/05\/ugsh-mbyllja-e-akseseve-ne-rrjetet-sociale-per-faqet-euronewsalbania-eshte-alarm-per-lirine-e-komunikimit\/"]}]},{"@type":"ImageObject","inLanguage":"en-US","@id":"https:\/\/kosovatimes.info\/index.php\/2026\/09\/05\/ugsh-mbyllja-e-akseseve-ne-rrjetet-sociale-per-faqet-euronewsalbania-eshte-alarm-per-lirine-e-komunikimit\/#primaryimage","url":"https:\/\/kosovatimes.info\/wp-content\/uploads\/2026\/04\/UGSh.jpeg","contentUrl":"https:\/\/kosovatimes.info\/wp-content\/uploads\/2026\/04\/UGSh.jpeg","width":173,"height":163},{"@type":"BreadcrumbList","@id":"https:\/\/kosovatimes.info\/index.php\/2026\/09\/05\/ugsh-mbyllja-e-akseseve-ne-rrjetet-sociale-per-faqet-euronewsalbania-eshte-alarm-per-lirine-e-komunikimit\/#breadcrumb","itemListElement":[{"@type":"ListItem","position":1,"name":"Home","item":"https:\/\/kosovatimes.info\/"},{"@type":"ListItem","position":2,"name":"UGSh: Mbyllja e akseseve n\u00eb rrjetet sociale p\u00ebr faqet EuronewsAlbania \u00ebsht\u00eb alarm p\u00ebr lirin\u00eb e komunikimit"}]},{"@type":"WebSite","@id":"https:\/\/kosovatimes.info\/#website","url":"https:\/\/kosovatimes.info\/","name":"Kosova Times","description":"","potentialAction":[{"@type":"SearchAction","target":{"@type":"EntryPoint","urlTemplate":"https:\/\/kosovatimes.info\/?s={search_term_string}"},"query-input":{"@type":"PropertyValueSpecification","valueRequired":true,"valueName":"search_term_string"}}],"inLanguage":"en-US"},{"@type":"Person","@id":"https:\/\/kosovatimes.info\/#\/schema\/person\/7586712b9c512fe68085de007378c915","name":"i l","image":{"@type":"ImageObject","inLanguage":"en-US","@id":"https:\/\/secure.gravatar.com\/avatar\/bad9296e02816160ae2e2435beda58222022298d5625d49fea74d18816fbb31d?s=96&d=mm&r=g","url":"https:\/\/secure.gravatar.com\/avatar\/bad9296e02816160ae2e2435beda58222022298d5625d49fea74d18816fbb31d?s=96&d=mm&r=g","contentUrl":"https:\/\/secure.gravatar.com\/avatar\/bad9296e02816160ae2e2435beda58222022298d5625d49fea74d18816fbb31d?s=96&d=mm&r=g","caption":"i l"},"url":"https:\/\/kosovatimes.info\/index.php\/author\/iliri\/"}]}},"_links":{"self":[{"href":"https:\/\/kosovatimes.info\/index.php\/wp-json\/wp\/v2\/posts\/31041","targetHints":{"allow":["GET"]}}],"collection":[{"href":"https:\/\/kosovatimes.info\/index.php\/wp-json\/wp\/v2\/posts"}],"about":[{"href":"https:\/\/kosovatimes.info\/index.php\/wp-json\/wp\/v2\/types\/post"}],"author":[{"embeddable":true,"href":"https:\/\/kosovatimes.info\/index.php\/wp-json\/wp\/v2\/users\/4"}],"replies":[{"embeddable":true,"href":"https:\/\/kosovatimes.info\/index.php\/wp-json\/wp\/v2\/comments?post=31041"}],"version-history":[{"count":1,"href":"https:\/\/kosovatimes.info\/index.php\/wp-json\/wp\/v2\/posts\/31041\/revisions"}],"predecessor-version":[{"id":31042,"href":"https:\/\/kosovatimes.info\/index.php\/wp-json\/wp\/v2\/posts\/31041\/revisions\/31042"}],"wp:featuredmedia":[{"embeddable":true,"href":"https:\/\/kosovatimes.info\/index.php\/wp-json\/wp\/v2\/media\/7775"}],"wp:attachment":[{"href":"https:\/\/kosovatimes.info\/index.php\/wp-json\/wp\/v2\/media?parent=31041"}],"wp:term":[{"taxonomy":"category","embeddable":true,"href":"https:\/\/kosovatimes.info\/index.php\/wp-json\/wp\/v2\/categories?post=31041"},{"taxonomy":"post_tag","embeddable":true,"href":"https:\/\/kosovatimes.info\/index.php\/wp-json\/wp\/v2\/tags?post=31041"}],"curies":[{"name":"wp","href":"https:\/\/api.w.org\/{rel}","templated":true}]}}