{"id":31046,"date":"2026-09-05T14:03:45","date_gmt":"2026-09-05T12:03:45","guid":{"rendered":"https:\/\/kosovatimes.info\/?p=31046"},"modified":"2026-09-05T14:03:46","modified_gmt":"2026-09-05T12:03:46","slug":"pjetri-i-madh-futi-nje-takse-mbi-mjekrat","status":"publish","type":"post","link":"https:\/\/kosovatimes.info\/index.php\/2026\/09\/05\/pjetri-i-madh-futi-nje-takse-mbi-mjekrat\/","title":{"rendered":"Pjetri i Madh futi nj\u00eb taks\u00eb mbi mjekrat"},"content":{"rendered":"\n<p class=\"wp-block-paragraph\">Mjekrat n\u00eb Rusi n\u00eb fund t\u00eb shekullit t\u00eb 17-t\u00eb nuk ishin vet\u00ebm \u00e7\u00ebshtje mode. Ato ishin nj\u00eb shenj\u00eb tradite, statusi shoq\u00ebror dhe, p\u00ebr shum\u00eb rus\u00eb, identiteti fetar. Kjo \u00ebsht\u00eb arsyeja pse vendimi i Car Pjetrit I t\u00eb Madh p\u00ebr t&#8217;i detyruar n\u00ebnshtetasit e tij t\u00eb rruanin shkaktoi nj\u00eb tronditje t\u00eb v\u00ebrtet\u00eb kulturore.<\/p>\n\n\n\n<p class=\"wp-block-paragraph\">5 shtatori 1698 tradicionalisht sh\u00ebnon fillimin e nj\u00eb prej reformave t\u00eb tij m\u00eb t\u00eb famshme dhe t\u00eb pazakonta, luft\u00ebs kund\u00ebr mjekr\u00ebs. Rus\u00ebve q\u00eb nuk donin t&#8217;i hiqnin dor\u00eb prej tyre, m\u00eb von\u00eb iu lejua t&#8217;i mbanin, por me pages\u00ebn e nj\u00eb takse t\u00eb ve\u00e7ant\u00eb.<\/p>\n\n\n\n<p class=\"wp-block-paragraph\">Pas k\u00ebtij vendimi n\u00eb dukje t\u00eb \u00e7uditsh\u00ebm fshihej nj\u00eb ambicie shum\u00eb m\u00eb e madhe e Pjetrit. Ai donte ta ndryshonte rr\u00ebnj\u00ebsisht Rusin\u00eb.<\/p>\n\n\n\n<h3 class=\"wp-block-heading\">Ai u kthye nga Evropa me nj\u00eb ide krejt\u00ebsisht t\u00eb ndryshme p\u00ebr Rusin\u00eb.<\/h3>\n\n\n\n<p class=\"wp-block-paragraph\">Pjetri i kishte kaluar muajt e m\u00ebparsh\u00ebm n\u00eb nj\u00eb udh\u00ebtim t\u00eb madh n\u00ebp\u00ebr Evrop\u00ebn Per\u00ebndimore t\u00eb njohur si Ambasada e Madhe. Nga viti 1697 deri n\u00eb vitin 1698, ai vizitoi, nd\u00ebr t\u00eb tjera, Holand\u00ebn dhe Anglin\u00eb, ku ishte ve\u00e7an\u00ebrisht i interesuar n\u00eb nd\u00ebrtimin e anijeve, marin\u00ebn, teknologjin\u00eb ushtarake dhe m\u00ebnyr\u00ebn se si funksiononin shtetet per\u00ebndimore.<\/p>\n\n\n\n<p class=\"wp-block-paragraph\">Rusia ishte nj\u00eb fuqi e madhe, por Pjetri mendonte se ajo ishte teknologjikisht, ushtarakisht dhe administrativisht prapa vendeve kryesore evropiane. Ai nuk donte thjesht t\u00eb kopjonte Per\u00ebndimin. Ai donte t\u00eb merrej me at\u00eb q\u00eb besonte se do t&#8217;i mund\u00ebsonte Rusis\u00eb t\u00eb b\u00ebhej nj\u00eb fuqi e madhe evropiane.<\/p>\n\n\n\n<p class=\"wp-block-paragraph\">Reformat e tij do t\u00eb mbulojn\u00eb, pra, ushtrin\u00eb, administrat\u00ebn shtet\u00ebrore, arsimin, ekonomin\u00eb, kalendarin dhe m\u00ebnyr\u00ebn e veshjes. Edhe mjekrat jan\u00eb b\u00ebr\u00eb nj\u00eb \u00e7\u00ebshtje politike.<\/p>\n\n\n\n<p class=\"wp-block-paragraph\">Kur u kthye n\u00eb Mosk\u00eb n\u00eb vitin 1698, Pjetri nxitoi t\u00eb tregonte se \u00e7far\u00eb mendonte p\u00ebr pamjen tradicionale t\u00eb bojar\u00ebve rus\u00eb.<\/p>\n\n\n\n<h3 class=\"wp-block-heading\">Perandori dyshohet se i mori personalisht g\u00ebrsh\u00ebr\u00ebt<\/h3>\n\n\n\n<p class=\"wp-block-paragraph\">Nj\u00eb nga historit\u00eb m\u00eb t\u00eb famshme nga jeta e Pjetrit \u00ebsht\u00eb se n\u00eb nj\u00eb takim me zyrtar\u00eb t\u00eb lart\u00eb shtet\u00ebror\u00eb, ai personalisht mori g\u00ebrsh\u00ebr\u00eb dhe filloi t&#8217;u priste mjekrat e gjata.<\/p>\n\n\n\n<p class=\"wp-block-paragraph\">P\u00ebr nj\u00eb njeri modern, nj\u00eb sken\u00eb e till\u00eb mund t\u00eb ting\u00eblloj\u00eb komike, por v\u00ebshtir\u00eb se ishte qesharake p\u00ebr fisnik\u00ebt rus\u00eb t\u00eb koh\u00ebs.<\/p>\n\n\n\n<p class=\"wp-block-paragraph\">Mjekrat n\u00eb Rusi n\u00eb fund t\u00eb shekullit t\u00eb 17-t\u00eb nuk ishin vet\u00ebm \u00e7\u00ebshtje mode. Ato ishin nj\u00eb shenj\u00eb tradite, statusi shoq\u00ebror dhe, p\u00ebr shum\u00eb rus\u00eb, identiteti fetar. Kjo \u00ebsht\u00eb arsyeja pse vendimi i Car Pjetrit I t\u00eb Madh p\u00ebr t&#8217;i detyruar n\u00ebnshtetasit e tij t\u00eb rruanin shkaktoi nj\u00eb tronditje t\u00eb v\u00ebrtet\u00eb kulturore.<\/p>\n\n\n\n<p class=\"wp-block-paragraph\">5 shtatori 1698 tradicionalisht sh\u00ebnon fillimin e nj\u00eb prej reformave t\u00eb tij m\u00eb t\u00eb famshme dhe t\u00eb pazakonta, luft\u00ebs kund\u00ebr mjekr\u00ebs. Rus\u00ebve q\u00eb nuk donin t&#8217;i hiqnin dor\u00eb prej tyre, m\u00eb von\u00eb iu lejua t&#8217;i mbanin, por me pages\u00ebn e nj\u00eb takse t\u00eb ve\u00e7ant\u00eb.<\/p>\n\n\n\n<p class=\"wp-block-paragraph\">Pas k\u00ebtij vendimi n\u00eb dukje t\u00eb \u00e7uditsh\u00ebm fshihej nj\u00eb ambicie shum\u00eb m\u00eb e madhe e Pjetrit. Ai donte ta ndryshonte rr\u00ebnj\u00ebsisht Rusin\u00eb.<\/p>\n\n\n\n<h3 class=\"wp-block-heading\">Ai u kthye nga Evropa me nj\u00eb ide krejt\u00ebsisht t\u00eb ndryshme p\u00ebr Rusin\u00eb.<\/h3>\n\n\n\n<p class=\"wp-block-paragraph\">Pjetri i kishte kaluar muajt e m\u00ebparsh\u00ebm n\u00eb nj\u00eb udh\u00ebtim t\u00eb madh n\u00ebp\u00ebr Evrop\u00ebn Per\u00ebndimore t\u00eb njohur si Ambasada e Madhe. Nga viti 1697 deri n\u00eb vitin 1698, ai vizitoi, nd\u00ebr t\u00eb tjera, Holand\u00ebn dhe Anglin\u00eb, ku ishte ve\u00e7an\u00ebrisht i interesuar n\u00eb nd\u00ebrtimin e anijeve, marin\u00ebn, teknologjin\u00eb ushtarake dhe m\u00ebnyr\u00ebn se si funksiononin shtetet per\u00ebndimore.<\/p>\n\n\n\n<p class=\"wp-block-paragraph\">Rusia ishte nj\u00eb fuqi e madhe, por Pjetri mendonte se ajo ishte teknologjikisht, ushtarakisht dhe administrativisht prapa vendeve kryesore evropiane. Ai nuk donte thjesht t\u00eb kopjonte Per\u00ebndimin. Ai donte t\u00eb merrej me at\u00eb q\u00eb besonte se do t&#8217;i mund\u00ebsonte Rusis\u00eb t\u00eb b\u00ebhej nj\u00eb fuqi e madhe evropiane.<\/p>\n\n\n\n<p class=\"wp-block-paragraph\">Reformat e tij do t\u00eb mbulojn\u00eb, pra, ushtrin\u00eb, administrat\u00ebn shtet\u00ebrore, arsimin, ekonomin\u00eb, kalendarin dhe m\u00ebnyr\u00ebn e veshjes. Edhe mjekrat jan\u00eb b\u00ebr\u00eb nj\u00eb \u00e7\u00ebshtje politike.<\/p>\n\n\n\n<p class=\"wp-block-paragraph\">Kur u kthye n\u00eb Mosk\u00eb n\u00eb vitin 1698, Pjetri nxitoi t\u00eb tregonte se \u00e7far\u00eb mendonte p\u00ebr pamjen tradicionale t\u00eb bojar\u00ebve rus\u00eb.<\/p>\n\n\n\n<h3 class=\"wp-block-heading\">Perandori dyshohet se i mori personalisht g\u00ebrsh\u00ebr\u00ebt<\/h3>\n\n\n\n<p class=\"wp-block-paragraph\">Nj\u00eb nga historit\u00eb m\u00eb t\u00eb famshme nga jeta e Pjetrit \u00ebsht\u00eb se n\u00eb nj\u00eb takim me zyrtar\u00eb t\u00eb lart\u00eb shtet\u00ebror\u00eb, ai personalisht mori g\u00ebrsh\u00ebr\u00eb dhe filloi t&#8217;u priste mjekrat e gjata.<\/p>\n\n\n\n<p class=\"wp-block-paragraph\">P\u00ebr nj\u00eb njeri modern, nj\u00eb sken\u00eb e till\u00eb mund t\u00eb ting\u00eblloj\u00eb komike, por v\u00ebshtir\u00eb se ishte qesharake p\u00ebr fisnik\u00ebt rus\u00eb t\u00eb koh\u00ebs.<\/p>\n","protected":false},"excerpt":{"rendered":"<p>Mjekrat n\u00eb Rusi n\u00eb fund t\u00eb shekullit t\u00eb 17-t\u00eb nuk ishin vet\u00ebm \u00e7\u00ebshtje mode. Ato ishin nj\u00eb shenj\u00eb tradite, statusi shoq\u00ebror dhe, p\u00ebr shum\u00eb rus\u00eb, identiteti fetar. Kjo \u00ebsht\u00eb arsyeja pse vendimi i Car Pjetrit I t\u00eb Madh p\u00ebr t&#8217;i detyruar n\u00ebnshtetasit e tij t\u00eb rruanin shkaktoi nj\u00eb tronditje t\u00eb v\u00ebrtet\u00eb kulturore. 5 shtatori 1698 [&hellip;]<\/p>\n","protected":false},"author":4,"featured_media":31047,"comment_status":"open","ping_status":"open","sticky":false,"template":"","format":"standard","meta":{"footnotes":""},"categories":[38],"tags":[],"class_list":["post-31046","post","type-post","status-publish","format-standard","has-post-thumbnail","category-stil"],"yoast_head":"<!-- This site is optimized with the Yoast SEO plugin v27.4 - https:\/\/yoast.com\/product\/yoast-seo-wordpress\/ -->\n<title>Pjetri i Madh futi nj\u00eb taks\u00eb mbi mjekrat - Kosova Times<\/title>\n<meta name=\"robots\" content=\"index, follow, max-snippet:-1, max-image-preview:large, max-video-preview:-1\" \/>\n<link rel=\"canonical\" href=\"https:\/\/kosovatimes.info\/index.php\/2026\/09\/05\/pjetri-i-madh-futi-nje-takse-mbi-mjekrat\/\" \/>\n<meta property=\"og:locale\" content=\"en_US\" \/>\n<meta property=\"og:type\" content=\"article\" \/>\n<meta property=\"og:title\" content=\"Pjetri i Madh futi nj\u00eb taks\u00eb mbi mjekrat - Kosova Times\" \/>\n<meta property=\"og:description\" content=\"Mjekrat n\u00eb Rusi n\u00eb fund t\u00eb shekullit t\u00eb 17-t\u00eb nuk ishin vet\u00ebm \u00e7\u00ebshtje mode. Ato ishin nj\u00eb shenj\u00eb tradite, statusi shoq\u00ebror dhe, p\u00ebr shum\u00eb rus\u00eb, identiteti fetar. Kjo \u00ebsht\u00eb arsyeja pse vendimi i Car Pjetrit I t\u00eb Madh p\u00ebr t&#8217;i detyruar n\u00ebnshtetasit e tij t\u00eb rruanin shkaktoi nj\u00eb tronditje t\u00eb v\u00ebrtet\u00eb kulturore. 5 shtatori 1698 [&hellip;]\" \/>\n<meta property=\"og:url\" content=\"https:\/\/kosovatimes.info\/index.php\/2026\/09\/05\/pjetri-i-madh-futi-nje-takse-mbi-mjekrat\/\" \/>\n<meta property=\"og:site_name\" content=\"Kosova Times\" \/>\n<meta property=\"article:published_time\" content=\"2026-09-05T12:03:45+00:00\" \/>\n<meta property=\"article:modified_time\" content=\"2026-09-05T12:03:46+00:00\" \/>\n<meta property=\"og:image\" content=\"https:\/\/kosovatimes.info\/wp-content\/uploads\/2026\/09\/Pjetri.jpg\" \/>\n\t<meta property=\"og:image:width\" content=\"765\" \/>\n\t<meta property=\"og:image:height\" content=\"471\" \/>\n\t<meta property=\"og:image:type\" content=\"image\/jpeg\" \/>\n<meta name=\"author\" content=\"i l\" \/>\n<meta name=\"twitter:card\" content=\"summary_large_image\" \/>\n<meta name=\"twitter:label1\" content=\"Written by\" \/>\n\t<meta name=\"twitter:data1\" content=\"i l\" \/>\n\t<meta name=\"twitter:label2\" content=\"Est. reading time\" \/>\n\t<meta name=\"twitter:data2\" content=\"4 minutes\" \/>\n<script type=\"application\/ld+json\" class=\"yoast-schema-graph\">{\"@context\":\"https:\\\/\\\/schema.org\",\"@graph\":[{\"@type\":\"Article\",\"@id\":\"https:\\\/\\\/kosovatimes.info\\\/index.php\\\/2026\\\/09\\\/05\\\/pjetri-i-madh-futi-nje-takse-mbi-mjekrat\\\/#article\",\"isPartOf\":{\"@id\":\"https:\\\/\\\/kosovatimes.info\\\/index.php\\\/2026\\\/09\\\/05\\\/pjetri-i-madh-futi-nje-takse-mbi-mjekrat\\\/\"},\"author\":{\"name\":\"i l\",\"@id\":\"https:\\\/\\\/kosovatimes.info\\\/#\\\/schema\\\/person\\\/7586712b9c512fe68085de007378c915\"},\"headline\":\"Pjetri i Madh futi nj\u00eb taks\u00eb mbi mjekrat\",\"datePublished\":\"2026-09-05T12:03:45+00:00\",\"dateModified\":\"2026-09-05T12:03:46+00:00\",\"mainEntityOfPage\":{\"@id\":\"https:\\\/\\\/kosovatimes.info\\\/index.php\\\/2026\\\/09\\\/05\\\/pjetri-i-madh-futi-nje-takse-mbi-mjekrat\\\/\"},\"wordCount\":798,\"commentCount\":0,\"image\":{\"@id\":\"https:\\\/\\\/kosovatimes.info\\\/index.php\\\/2026\\\/09\\\/05\\\/pjetri-i-madh-futi-nje-takse-mbi-mjekrat\\\/#primaryimage\"},\"thumbnailUrl\":\"https:\\\/\\\/kosovatimes.info\\\/wp-content\\\/uploads\\\/2026\\\/09\\\/Pjetri.jpg\",\"articleSection\":[\"Stil\"],\"inLanguage\":\"en-US\",\"potentialAction\":[{\"@type\":\"CommentAction\",\"name\":\"Comment\",\"target\":[\"https:\\\/\\\/kosovatimes.info\\\/index.php\\\/2026\\\/09\\\/05\\\/pjetri-i-madh-futi-nje-takse-mbi-mjekrat\\\/#respond\"]}]},{\"@type\":\"WebPage\",\"@id\":\"https:\\\/\\\/kosovatimes.info\\\/index.php\\\/2026\\\/09\\\/05\\\/pjetri-i-madh-futi-nje-takse-mbi-mjekrat\\\/\",\"url\":\"https:\\\/\\\/kosovatimes.info\\\/index.php\\\/2026\\\/09\\\/05\\\/pjetri-i-madh-futi-nje-takse-mbi-mjekrat\\\/\",\"name\":\"Pjetri i Madh futi nj\u00eb taks\u00eb mbi mjekrat - Kosova Times\",\"isPartOf\":{\"@id\":\"https:\\\/\\\/kosovatimes.info\\\/#website\"},\"primaryImageOfPage\":{\"@id\":\"https:\\\/\\\/kosovatimes.info\\\/index.php\\\/2026\\\/09\\\/05\\\/pjetri-i-madh-futi-nje-takse-mbi-mjekrat\\\/#primaryimage\"},\"image\":{\"@id\":\"https:\\\/\\\/kosovatimes.info\\\/index.php\\\/2026\\\/09\\\/05\\\/pjetri-i-madh-futi-nje-takse-mbi-mjekrat\\\/#primaryimage\"},\"thumbnailUrl\":\"https:\\\/\\\/kosovatimes.info\\\/wp-content\\\/uploads\\\/2026\\\/09\\\/Pjetri.jpg\",\"datePublished\":\"2026-09-05T12:03:45+00:00\",\"dateModified\":\"2026-09-05T12:03:46+00:00\",\"author\":{\"@id\":\"https:\\\/\\\/kosovatimes.info\\\/#\\\/schema\\\/person\\\/7586712b9c512fe68085de007378c915\"},\"breadcrumb\":{\"@id\":\"https:\\\/\\\/kosovatimes.info\\\/index.php\\\/2026\\\/09\\\/05\\\/pjetri-i-madh-futi-nje-takse-mbi-mjekrat\\\/#breadcrumb\"},\"inLanguage\":\"en-US\",\"potentialAction\":[{\"@type\":\"ReadAction\",\"target\":[\"https:\\\/\\\/kosovatimes.info\\\/index.php\\\/2026\\\/09\\\/05\\\/pjetri-i-madh-futi-nje-takse-mbi-mjekrat\\\/\"]}]},{\"@type\":\"ImageObject\",\"inLanguage\":\"en-US\",\"@id\":\"https:\\\/\\\/kosovatimes.info\\\/index.php\\\/2026\\\/09\\\/05\\\/pjetri-i-madh-futi-nje-takse-mbi-mjekrat\\\/#primaryimage\",\"url\":\"https:\\\/\\\/kosovatimes.info\\\/wp-content\\\/uploads\\\/2026\\\/09\\\/Pjetri.jpg\",\"contentUrl\":\"https:\\\/\\\/kosovatimes.info\\\/wp-content\\\/uploads\\\/2026\\\/09\\\/Pjetri.jpg\",\"width\":765,\"height\":471},{\"@type\":\"BreadcrumbList\",\"@id\":\"https:\\\/\\\/kosovatimes.info\\\/index.php\\\/2026\\\/09\\\/05\\\/pjetri-i-madh-futi-nje-takse-mbi-mjekrat\\\/#breadcrumb\",\"itemListElement\":[{\"@type\":\"ListItem\",\"position\":1,\"name\":\"Home\",\"item\":\"https:\\\/\\\/kosovatimes.info\\\/\"},{\"@type\":\"ListItem\",\"position\":2,\"name\":\"Pjetri i Madh futi nj\u00eb taks\u00eb mbi mjekrat\"}]},{\"@type\":\"WebSite\",\"@id\":\"https:\\\/\\\/kosovatimes.info\\\/#website\",\"url\":\"https:\\\/\\\/kosovatimes.info\\\/\",\"name\":\"Kosova Times\",\"description\":\"\",\"potentialAction\":[{\"@type\":\"SearchAction\",\"target\":{\"@type\":\"EntryPoint\",\"urlTemplate\":\"https:\\\/\\\/kosovatimes.info\\\/?s={search_term_string}\"},\"query-input\":{\"@type\":\"PropertyValueSpecification\",\"valueRequired\":true,\"valueName\":\"search_term_string\"}}],\"inLanguage\":\"en-US\"},{\"@type\":\"Person\",\"@id\":\"https:\\\/\\\/kosovatimes.info\\\/#\\\/schema\\\/person\\\/7586712b9c512fe68085de007378c915\",\"name\":\"i l\",\"image\":{\"@type\":\"ImageObject\",\"inLanguage\":\"en-US\",\"@id\":\"https:\\\/\\\/secure.gravatar.com\\\/avatar\\\/bad9296e02816160ae2e2435beda58222022298d5625d49fea74d18816fbb31d?s=96&d=mm&r=g\",\"url\":\"https:\\\/\\\/secure.gravatar.com\\\/avatar\\\/bad9296e02816160ae2e2435beda58222022298d5625d49fea74d18816fbb31d?s=96&d=mm&r=g\",\"contentUrl\":\"https:\\\/\\\/secure.gravatar.com\\\/avatar\\\/bad9296e02816160ae2e2435beda58222022298d5625d49fea74d18816fbb31d?s=96&d=mm&r=g\",\"caption\":\"i l\"},\"url\":\"https:\\\/\\\/kosovatimes.info\\\/index.php\\\/author\\\/iliri\\\/\"}]}<\/script>\n<!-- \/ Yoast SEO plugin. -->","yoast_head_json":{"title":"Pjetri i Madh futi nj\u00eb taks\u00eb mbi mjekrat - Kosova Times","robots":{"index":"index","follow":"follow","max-snippet":"max-snippet:-1","max-image-preview":"max-image-preview:large","max-video-preview":"max-video-preview:-1"},"canonical":"https:\/\/kosovatimes.info\/index.php\/2026\/09\/05\/pjetri-i-madh-futi-nje-takse-mbi-mjekrat\/","og_locale":"en_US","og_type":"article","og_title":"Pjetri i Madh futi nj\u00eb taks\u00eb mbi mjekrat - Kosova Times","og_description":"Mjekrat n\u00eb Rusi n\u00eb fund t\u00eb shekullit t\u00eb 17-t\u00eb nuk ishin vet\u00ebm \u00e7\u00ebshtje mode. Ato ishin nj\u00eb shenj\u00eb tradite, statusi shoq\u00ebror dhe, p\u00ebr shum\u00eb rus\u00eb, identiteti fetar. Kjo \u00ebsht\u00eb arsyeja pse vendimi i Car Pjetrit I t\u00eb Madh p\u00ebr t&#8217;i detyruar n\u00ebnshtetasit e tij t\u00eb rruanin shkaktoi nj\u00eb tronditje t\u00eb v\u00ebrtet\u00eb kulturore. 5 shtatori 1698 [&hellip;]","og_url":"https:\/\/kosovatimes.info\/index.php\/2026\/09\/05\/pjetri-i-madh-futi-nje-takse-mbi-mjekrat\/","og_site_name":"Kosova Times","article_published_time":"2026-09-05T12:03:45+00:00","article_modified_time":"2026-09-05T12:03:46+00:00","og_image":[{"width":765,"height":471,"url":"https:\/\/kosovatimes.info\/wp-content\/uploads\/2026\/09\/Pjetri.jpg","type":"image\/jpeg"}],"author":"i l","twitter_card":"summary_large_image","twitter_misc":{"Written by":"i l","Est. reading time":"4 minutes"},"schema":{"@context":"https:\/\/schema.org","@graph":[{"@type":"Article","@id":"https:\/\/kosovatimes.info\/index.php\/2026\/09\/05\/pjetri-i-madh-futi-nje-takse-mbi-mjekrat\/#article","isPartOf":{"@id":"https:\/\/kosovatimes.info\/index.php\/2026\/09\/05\/pjetri-i-madh-futi-nje-takse-mbi-mjekrat\/"},"author":{"name":"i l","@id":"https:\/\/kosovatimes.info\/#\/schema\/person\/7586712b9c512fe68085de007378c915"},"headline":"Pjetri i Madh futi nj\u00eb taks\u00eb mbi mjekrat","datePublished":"2026-09-05T12:03:45+00:00","dateModified":"2026-09-05T12:03:46+00:00","mainEntityOfPage":{"@id":"https:\/\/kosovatimes.info\/index.php\/2026\/09\/05\/pjetri-i-madh-futi-nje-takse-mbi-mjekrat\/"},"wordCount":798,"commentCount":0,"image":{"@id":"https:\/\/kosovatimes.info\/index.php\/2026\/09\/05\/pjetri-i-madh-futi-nje-takse-mbi-mjekrat\/#primaryimage"},"thumbnailUrl":"https:\/\/kosovatimes.info\/wp-content\/uploads\/2026\/09\/Pjetri.jpg","articleSection":["Stil"],"inLanguage":"en-US","potentialAction":[{"@type":"CommentAction","name":"Comment","target":["https:\/\/kosovatimes.info\/index.php\/2026\/09\/05\/pjetri-i-madh-futi-nje-takse-mbi-mjekrat\/#respond"]}]},{"@type":"WebPage","@id":"https:\/\/kosovatimes.info\/index.php\/2026\/09\/05\/pjetri-i-madh-futi-nje-takse-mbi-mjekrat\/","url":"https:\/\/kosovatimes.info\/index.php\/2026\/09\/05\/pjetri-i-madh-futi-nje-takse-mbi-mjekrat\/","name":"Pjetri i Madh futi nj\u00eb taks\u00eb mbi mjekrat - Kosova Times","isPartOf":{"@id":"https:\/\/kosovatimes.info\/#website"},"primaryImageOfPage":{"@id":"https:\/\/kosovatimes.info\/index.php\/2026\/09\/05\/pjetri-i-madh-futi-nje-takse-mbi-mjekrat\/#primaryimage"},"image":{"@id":"https:\/\/kosovatimes.info\/index.php\/2026\/09\/05\/pjetri-i-madh-futi-nje-takse-mbi-mjekrat\/#primaryimage"},"thumbnailUrl":"https:\/\/kosovatimes.info\/wp-content\/uploads\/2026\/09\/Pjetri.jpg","datePublished":"2026-09-05T12:03:45+00:00","dateModified":"2026-09-05T12:03:46+00:00","author":{"@id":"https:\/\/kosovatimes.info\/#\/schema\/person\/7586712b9c512fe68085de007378c915"},"breadcrumb":{"@id":"https:\/\/kosovatimes.info\/index.php\/2026\/09\/05\/pjetri-i-madh-futi-nje-takse-mbi-mjekrat\/#breadcrumb"},"inLanguage":"en-US","potentialAction":[{"@type":"ReadAction","target":["https:\/\/kosovatimes.info\/index.php\/2026\/09\/05\/pjetri-i-madh-futi-nje-takse-mbi-mjekrat\/"]}]},{"@type":"ImageObject","inLanguage":"en-US","@id":"https:\/\/kosovatimes.info\/index.php\/2026\/09\/05\/pjetri-i-madh-futi-nje-takse-mbi-mjekrat\/#primaryimage","url":"https:\/\/kosovatimes.info\/wp-content\/uploads\/2026\/09\/Pjetri.jpg","contentUrl":"https:\/\/kosovatimes.info\/wp-content\/uploads\/2026\/09\/Pjetri.jpg","width":765,"height":471},{"@type":"BreadcrumbList","@id":"https:\/\/kosovatimes.info\/index.php\/2026\/09\/05\/pjetri-i-madh-futi-nje-takse-mbi-mjekrat\/#breadcrumb","itemListElement":[{"@type":"ListItem","position":1,"name":"Home","item":"https:\/\/kosovatimes.info\/"},{"@type":"ListItem","position":2,"name":"Pjetri i Madh futi nj\u00eb taks\u00eb mbi mjekrat"}]},{"@type":"WebSite","@id":"https:\/\/kosovatimes.info\/#website","url":"https:\/\/kosovatimes.info\/","name":"Kosova Times","description":"","potentialAction":[{"@type":"SearchAction","target":{"@type":"EntryPoint","urlTemplate":"https:\/\/kosovatimes.info\/?s={search_term_string}"},"query-input":{"@type":"PropertyValueSpecification","valueRequired":true,"valueName":"search_term_string"}}],"inLanguage":"en-US"},{"@type":"Person","@id":"https:\/\/kosovatimes.info\/#\/schema\/person\/7586712b9c512fe68085de007378c915","name":"i l","image":{"@type":"ImageObject","inLanguage":"en-US","@id":"https:\/\/secure.gravatar.com\/avatar\/bad9296e02816160ae2e2435beda58222022298d5625d49fea74d18816fbb31d?s=96&d=mm&r=g","url":"https:\/\/secure.gravatar.com\/avatar\/bad9296e02816160ae2e2435beda58222022298d5625d49fea74d18816fbb31d?s=96&d=mm&r=g","contentUrl":"https:\/\/secure.gravatar.com\/avatar\/bad9296e02816160ae2e2435beda58222022298d5625d49fea74d18816fbb31d?s=96&d=mm&r=g","caption":"i l"},"url":"https:\/\/kosovatimes.info\/index.php\/author\/iliri\/"}]}},"_links":{"self":[{"href":"https:\/\/kosovatimes.info\/index.php\/wp-json\/wp\/v2\/posts\/31046","targetHints":{"allow":["GET"]}}],"collection":[{"href":"https:\/\/kosovatimes.info\/index.php\/wp-json\/wp\/v2\/posts"}],"about":[{"href":"https:\/\/kosovatimes.info\/index.php\/wp-json\/wp\/v2\/types\/post"}],"author":[{"embeddable":true,"href":"https:\/\/kosovatimes.info\/index.php\/wp-json\/wp\/v2\/users\/4"}],"replies":[{"embeddable":true,"href":"https:\/\/kosovatimes.info\/index.php\/wp-json\/wp\/v2\/comments?post=31046"}],"version-history":[{"count":1,"href":"https:\/\/kosovatimes.info\/index.php\/wp-json\/wp\/v2\/posts\/31046\/revisions"}],"predecessor-version":[{"id":31048,"href":"https:\/\/kosovatimes.info\/index.php\/wp-json\/wp\/v2\/posts\/31046\/revisions\/31048"}],"wp:featuredmedia":[{"embeddable":true,"href":"https:\/\/kosovatimes.info\/index.php\/wp-json\/wp\/v2\/media\/31047"}],"wp:attachment":[{"href":"https:\/\/kosovatimes.info\/index.php\/wp-json\/wp\/v2\/media?parent=31046"}],"wp:term":[{"taxonomy":"category","embeddable":true,"href":"https:\/\/kosovatimes.info\/index.php\/wp-json\/wp\/v2\/categories?post=31046"},{"taxonomy":"post_tag","embeddable":true,"href":"https:\/\/kosovatimes.info\/index.php\/wp-json\/wp\/v2\/tags?post=31046"}],"curies":[{"name":"wp","href":"https:\/\/api.w.org\/{rel}","templated":true}]}}