{"id":31099,"date":"2026-09-06T07:45:43","date_gmt":"2026-09-06T05:45:43","guid":{"rendered":"https:\/\/kosovatimes.info\/?p=31099"},"modified":"2026-09-06T07:45:45","modified_gmt":"2026-09-06T05:45:45","slug":"udhetaret-drejt-be-se-mund-te-perballen-perseri-me-radhe-te-gjata-ne-kufij-rregullat-mbi-fleksibilitetin-ne-zbatimin-e-ees-po-percaktohen-sot","status":"publish","type":"post","link":"https:\/\/kosovatimes.info\/index.php\/2026\/09\/06\/udhetaret-drejt-be-se-mund-te-perballen-perseri-me-radhe-te-gjata-ne-kufij-rregullat-mbi-fleksibilitetin-ne-zbatimin-e-ees-po-percaktohen-sot\/","title":{"rendered":"Udh\u00ebtar\u00ebt drejt BE-s\u00eb mund t\u00eb p\u00ebrballen p\u00ebrs\u00ebri me radh\u00eb t\u00eb gjata n\u00eb kufij, rregullat mbi fleksibilitetin n\u00eb zbatimin e EES po p\u00ebrcaktohen sot"},"content":{"rendered":"\n<p class=\"wp-block-paragraph\">Udh\u00ebtar\u00ebt q\u00eb udh\u00ebtojn\u00eb drejt vendeve t\u00eb Bashkimit Evropian mund t\u00eb p\u00ebrballen p\u00ebrs\u00ebri me pritje m\u00eb t\u00eb gjata n\u00eb kufij, pasi sot skadon periudha n\u00eb t\u00eb cil\u00ebn shtetet an\u00ebtare u mund\u00ebsua t\u00eb zbatonin n\u00eb m\u00ebnyr\u00eb m\u00eb fleksibile sistemin e ri t\u00eb hyrjes dhe daljes nga BE-ja.<\/p>\n\n\n\n<p class=\"wp-block-paragraph\">Edhe pse Komisioni Evropian nuk e zgjati mund\u00ebsin\u00eb e pezullimit t\u00eb p\u00ebrkohsh\u00ebm t\u00eb disa kontrolleve, disa burime nga industria e aviacionit dhe sektori i udh\u00ebtimeve deklarojn\u00eb se disa shtete an\u00ebtare nuk do t&#8217;i zbatojn\u00eb plot\u00ebsisht kontrollet biometrike edhe pas afatit t\u00eb caktuar.<\/p>\n\n\n\n<p class=\"wp-block-paragraph\">B\u00ebhet fjal\u00eb p\u00ebr sistemin EES, pra sistemin e ri t\u00eb hyrjes dhe daljes nga Bashkimi Evropian, i cili p\u00ebrfshin regjistrimin e pasagjer\u00ebve q\u00eb nuk jan\u00eb shtetas t\u00eb BE-s\u00eb, duke p\u00ebrfshir\u00eb marrjen e gjurm\u00ebve t\u00eb gisht\u00ebrinjve dhe regjistrimin e t\u00eb dh\u00ebnave t\u00eb udh\u00ebtimit.<\/p>\n\n\n\n<p class=\"wp-block-paragraph\">Jav\u00ebn e kaluar, industria e aviacionit i k\u00ebrkoi Komisionit Evropian t\u00eb zgjas\u00eb mund\u00ebsin\u00eb e pezullimit t\u00eb p\u00ebrkohsh\u00ebm t\u00eb disa kontrolleve t\u00eb EES deri n\u00eb fund t\u00eb vitit 2026. Kompanit\u00eb paralajm\u00ebrojn\u00eb se zbatimi i plot\u00eb i sistemit mund t\u00eb shkaktoj\u00eb p\u00ebrs\u00ebri turma t\u00eb m\u00ebdha n\u00eb aeroporte dhe pika kufitare.<\/p>\n\n\n\n<p class=\"wp-block-paragraph\">Gjat\u00eb sezonit kryesor turistik, nuk pati p\u00ebrs\u00ebritje t\u00eb radh\u00ebve m\u00eb t\u00eb gjata q\u00eb u regjistruan n\u00eb disa aeroporte evropiane n\u00eb fillim t\u00eb ver\u00ebs. N\u00eb at\u00eb koh\u00eb, shum\u00eb pasagjer\u00eb humb\u00ebn fluturimet e tyre p\u00ebr shkak t\u00eb pritjes, dhe p\u00ebrfaq\u00ebsuesit e sektor\u00ebve t\u00eb turizmit dhe aviacionit besojn\u00eb se nj\u00eb kaos m\u00eb i madh u shmang fal\u00eb leht\u00ebsimit t\u00eb rregullave p\u00ebr regjistrimin biometrik.<\/p>\n\n\n\n<p class=\"wp-block-paragraph\"><strong>Problemet teknologjike n\u00eb Franc\u00eb<\/strong><\/p>\n\n\n\n<p class=\"wp-block-paragraph\">P\u00ebr pasagjer\u00ebt q\u00eb udh\u00ebtojn\u00eb nga Britania e Madhe n\u00eb Franc\u00eb, sipas informacionit t\u00eb disponuesh\u00ebm, nuk duhet t\u00eb ket\u00eb ndryshime t\u00eb m\u00ebdha jav\u00ebn e ardhshme. Arsyeja jan\u00eb problemet teknike me softuerin e sistemit EES t\u00eb urdh\u00ebruara nga autoritetet franceze.<\/p>\n\n\n\n<p class=\"wp-block-paragraph\">Kioskat e marrjes s\u00eb gjurm\u00ebve t\u00eb gisht\u00ebrinjve, t\u00eb cilat jan\u00eb siguruar nga Eurotunnel, Porti i Doverit dhe Eurostar n\u00eb stacionin St Pancras t\u00eb Londr\u00ebs, nuk jan\u00eb ende funksionale.<\/p>\n\n\n\n<p class=\"wp-block-paragraph\">Doveri tha se nuk presin ndonj\u00eb ndryshim nga java e ardhshme, ve\u00e7an\u00ebrisht pasi shofer\u00ebt e makinave nuk mbulohen ende nga kontrollet EES.<\/p>\n\n\n\n<p class=\"wp-block-paragraph\">Eurotunnel njoftoi se po pret konfirmim nga autoritetet franceze p\u00ebr fillimin e faz\u00ebs tjet\u00ebr t\u00eb zbatimit t\u00eb sistemit, por se \u00ebsht\u00eb gati t\u00eb prezantoj\u00eb kontrollin e plot\u00eb biometrik sapo t\u00eb marr\u00eb miratimin zyrtar.<\/p>\n\n\n\n<p class=\"wp-block-paragraph\">Eurostar konfirmoi gjithashtu se EES po futet gradualisht dhe se regjistrimi i pasagjer\u00ebve do t\u00eb b\u00ebhet ende manualisht, me ndihm\u00ebn e oficer\u00ebve kufitar\u00eb.<\/p>\n\n\n\n<p class=\"wp-block-paragraph\"><strong>Disa vende ende nuk zbatojn\u00eb kontrolle t\u00eb plota<\/strong><\/p>\n\n\n\n<p class=\"wp-block-paragraph\">Nj\u00eb nga burimet e larta nga industria e aviacionit deklaroi se, pavar\u00ebsisht skadimit t\u00eb afatit p\u00ebr zbatim m\u00eb fleksib\u00ebl t\u00eb rregullave, zbatimi i plot\u00eb i sistemit EES nuk pritet n\u00eb aeroportet m\u00eb t\u00eb ngarkuara evropiane.<\/p>\n\n\n\n<p class=\"wp-block-paragraph\">Greqia bie n\u00eb sy n\u00eb ve\u00e7anti, ku zyrtar\u00ebt n\u00eb disa destinacione t\u00eb m\u00ebdha turistike, sipas burimeve, praktikisht i p\u00ebrjashtuan udh\u00ebtar\u00ebt nga Britania e Madhe nga nj\u00eb pjes\u00eb e procedurave EES me q\u00ebllim parandalimin e turmave t\u00eb m\u00ebdha.<\/p>\n\n\n\n<p class=\"wp-block-paragraph\">Pritet q\u00eb nj\u00eb praktik\u00eb e till\u00eb t\u00eb vazhdoj\u00eb edhe pas 6 shtatorit.<\/p>\n\n\n\n<p class=\"wp-block-paragraph\">Luke Petherbridge nga shoqata britanike e industris\u00eb s\u00eb turizmit Abta tha se do t\u00eb vazhdoj\u00eb t\u00eb ushtroj\u00eb presion mbi Komisionin Evropian p\u00ebr t\u00eb mund\u00ebsuar zbatimin fleksib\u00ebl t\u00eb kontrolleve edhe pas shtatorit.<\/p>\n\n\n\n<p class=\"wp-block-paragraph\">&#8220;Ka ende shum\u00eb p\u00ebr t\u00eb b\u00ebr\u00eb p\u00ebrpara se EES t\u00eb jet\u00eb plot\u00ebsisht dhe vazhdimisht funksional n\u00eb t\u00eb gjitha vendet pjes\u00ebmarr\u00ebse n\u00eb sistem&#8221;, tha Petherbridge.<\/p>\n\n\n\n<p class=\"wp-block-paragraph\">Shoqata Nd\u00ebrkomb\u00ebtare e Transportit Ajror (IATA) ka k\u00ebrkuar gjithashtu nj\u00eb zgjatje zyrtare t\u00eb regjimit fleksib\u00ebl, duke paralajm\u00ebruar se vonesat e lidhura me sistemin EES kan\u00eb b\u00ebr\u00eb q\u00eb pasagjer\u00ebt t\u00eb humbasin fluturime dhe lidhje.<\/p>\n\n\n\n<p class=\"wp-block-paragraph\">\u201cK\u00ebto jan\u00eb pasoja reale q\u00eb pasagjer\u00ebt i ndiejn\u00eb. Kjo i jep Evrop\u00ebs nj\u00eb em\u00ebr t\u00eb keq. Kur sistemet nuk funksionojn\u00eb, pasagjer\u00ebt humbasin besimin dhe kur vonohen, linjat ajrore p\u00ebrballojn\u00eb kosto t\u00eb m\u00ebdha\u201d, tha Thomas Reynaert i IATA-s.<\/p>\n\n\n\n<p class=\"wp-block-paragraph\">Komisioni Evropian nuk ka njoftuar ende nj\u00eb zgjatje t\u00eb periudh\u00ebs s\u00eb zbatimit fleksib\u00ebl. Komisioni tha se \u00ebsht\u00eb n\u00eb kontakt me disa shtete an\u00ebtare ku nevojiten rregullime shtes\u00eb n\u00eb disa pika kufitare.<\/p>\n\n\n\n<p class=\"wp-block-paragraph\">Komisioni deklaroi gjithashtu se \u00ebsht\u00eb gati t&#8217;u ofroj\u00eb mb\u00ebshtetje shtes\u00eb k\u00ebtyre vendeve gjat\u00eb periudh\u00ebs s\u00eb nevojshme p\u00ebr p\u00ebrshtatjen teknike dhe operacionale t\u00eb sistemit.<\/p>\n","protected":false},"excerpt":{"rendered":"<p>Udh\u00ebtar\u00ebt q\u00eb udh\u00ebtojn\u00eb drejt vendeve t\u00eb Bashkimit Evropian mund t\u00eb p\u00ebrballen p\u00ebrs\u00ebri me pritje m\u00eb t\u00eb gjata n\u00eb kufij, pasi sot skadon periudha n\u00eb t\u00eb cil\u00ebn shtetet an\u00ebtare u mund\u00ebsua t\u00eb zbatonin n\u00eb m\u00ebnyr\u00eb m\u00eb fleksibile sistemin e ri t\u00eb hyrjes dhe daljes nga BE-ja. Edhe pse Komisioni Evropian nuk e zgjati mund\u00ebsin\u00eb e pezullimit [&hellip;]<\/p>\n","protected":false},"author":4,"featured_media":31100,"comment_status":"open","ping_status":"open","sticky":false,"template":"","format":"standard","meta":{"footnotes":""},"categories":[33,30],"tags":[],"class_list":["post-31099","post","type-post","status-publish","format-standard","has-post-thumbnail","category-bote","category-lajme"],"yoast_head":"<!-- This site is optimized with the Yoast SEO plugin v27.4 - https:\/\/yoast.com\/product\/yoast-seo-wordpress\/ -->\n<title>Udh\u00ebtar\u00ebt drejt BE-s\u00eb mund t\u00eb p\u00ebrballen p\u00ebrs\u00ebri me radh\u00eb t\u00eb gjata n\u00eb kufij, rregullat mbi fleksibilitetin n\u00eb zbatimin e EES po p\u00ebrcaktohen sot - Kosova Times<\/title>\n<meta name=\"robots\" content=\"index, follow, max-snippet:-1, max-image-preview:large, max-video-preview:-1\" \/>\n<link rel=\"canonical\" href=\"https:\/\/kosovatimes.info\/index.php\/2026\/09\/06\/udhetaret-drejt-be-se-mund-te-perballen-perseri-me-radhe-te-gjata-ne-kufij-rregullat-mbi-fleksibilitetin-ne-zbatimin-e-ees-po-percaktohen-sot\/\" \/>\n<meta property=\"og:locale\" content=\"en_US\" \/>\n<meta property=\"og:type\" content=\"article\" \/>\n<meta property=\"og:title\" content=\"Udh\u00ebtar\u00ebt drejt BE-s\u00eb mund t\u00eb p\u00ebrballen p\u00ebrs\u00ebri me radh\u00eb t\u00eb gjata n\u00eb kufij, rregullat mbi fleksibilitetin n\u00eb zbatimin e EES po p\u00ebrcaktohen sot - Kosova Times\" \/>\n<meta property=\"og:description\" content=\"Udh\u00ebtar\u00ebt q\u00eb udh\u00ebtojn\u00eb drejt vendeve t\u00eb Bashkimit Evropian mund t\u00eb p\u00ebrballen p\u00ebrs\u00ebri me pritje m\u00eb t\u00eb gjata n\u00eb kufij, pasi sot skadon periudha n\u00eb t\u00eb cil\u00ebn shtetet an\u00ebtare u mund\u00ebsua t\u00eb zbatonin n\u00eb m\u00ebnyr\u00eb m\u00eb fleksibile sistemin e ri t\u00eb hyrjes dhe daljes nga BE-ja. Edhe pse Komisioni Evropian nuk e zgjati mund\u00ebsin\u00eb e pezullimit [&hellip;]\" \/>\n<meta property=\"og:url\" content=\"https:\/\/kosovatimes.info\/index.php\/2026\/09\/06\/udhetaret-drejt-be-se-mund-te-perballen-perseri-me-radhe-te-gjata-ne-kufij-rregullat-mbi-fleksibilitetin-ne-zbatimin-e-ees-po-percaktohen-sot\/\" \/>\n<meta property=\"og:site_name\" content=\"Kosova Times\" \/>\n<meta property=\"article:published_time\" content=\"2026-09-06T05:45:43+00:00\" \/>\n<meta property=\"article:modified_time\" content=\"2026-09-06T05:45:45+00:00\" \/>\n<meta property=\"og:image\" content=\"https:\/\/kosovatimes.info\/wp-content\/uploads\/2026\/09\/autostrade.webp\" \/>\n\t<meta property=\"og:image:width\" content=\"800\" \/>\n\t<meta property=\"og:image:height\" content=\"533\" \/>\n\t<meta property=\"og:image:type\" content=\"image\/webp\" \/>\n<meta name=\"author\" content=\"i l\" \/>\n<meta name=\"twitter:card\" content=\"summary_large_image\" \/>\n<meta name=\"twitter:label1\" content=\"Written by\" \/>\n\t<meta name=\"twitter:data1\" content=\"i l\" \/>\n\t<meta name=\"twitter:label2\" content=\"Est. reading time\" \/>\n\t<meta name=\"twitter:data2\" content=\"4 minutes\" \/>\n<script type=\"application\/ld+json\" class=\"yoast-schema-graph\">{\"@context\":\"https:\\\/\\\/schema.org\",\"@graph\":[{\"@type\":\"Article\",\"@id\":\"https:\\\/\\\/kosovatimes.info\\\/index.php\\\/2026\\\/09\\\/06\\\/udhetaret-drejt-be-se-mund-te-perballen-perseri-me-radhe-te-gjata-ne-kufij-rregullat-mbi-fleksibilitetin-ne-zbatimin-e-ees-po-percaktohen-sot\\\/#article\",\"isPartOf\":{\"@id\":\"https:\\\/\\\/kosovatimes.info\\\/index.php\\\/2026\\\/09\\\/06\\\/udhetaret-drejt-be-se-mund-te-perballen-perseri-me-radhe-te-gjata-ne-kufij-rregullat-mbi-fleksibilitetin-ne-zbatimin-e-ees-po-percaktohen-sot\\\/\"},\"author\":{\"name\":\"i l\",\"@id\":\"https:\\\/\\\/kosovatimes.info\\\/#\\\/schema\\\/person\\\/7586712b9c512fe68085de007378c915\"},\"headline\":\"Udh\u00ebtar\u00ebt drejt BE-s\u00eb mund t\u00eb p\u00ebrballen p\u00ebrs\u00ebri me radh\u00eb t\u00eb gjata n\u00eb kufij, rregullat mbi fleksibilitetin n\u00eb zbatimin e EES po p\u00ebrcaktohen sot\",\"datePublished\":\"2026-09-06T05:45:43+00:00\",\"dateModified\":\"2026-09-06T05:45:45+00:00\",\"mainEntityOfPage\":{\"@id\":\"https:\\\/\\\/kosovatimes.info\\\/index.php\\\/2026\\\/09\\\/06\\\/udhetaret-drejt-be-se-mund-te-perballen-perseri-me-radhe-te-gjata-ne-kufij-rregullat-mbi-fleksibilitetin-ne-zbatimin-e-ees-po-percaktohen-sot\\\/\"},\"wordCount\":792,\"commentCount\":0,\"image\":{\"@id\":\"https:\\\/\\\/kosovatimes.info\\\/index.php\\\/2026\\\/09\\\/06\\\/udhetaret-drejt-be-se-mund-te-perballen-perseri-me-radhe-te-gjata-ne-kufij-rregullat-mbi-fleksibilitetin-ne-zbatimin-e-ees-po-percaktohen-sot\\\/#primaryimage\"},\"thumbnailUrl\":\"https:\\\/\\\/kosovatimes.info\\\/wp-content\\\/uploads\\\/2026\\\/09\\\/autostrade.webp\",\"articleSection\":[\"Bot\u00eb\",\"Lajme\"],\"inLanguage\":\"en-US\",\"potentialAction\":[{\"@type\":\"CommentAction\",\"name\":\"Comment\",\"target\":[\"https:\\\/\\\/kosovatimes.info\\\/index.php\\\/2026\\\/09\\\/06\\\/udhetaret-drejt-be-se-mund-te-perballen-perseri-me-radhe-te-gjata-ne-kufij-rregullat-mbi-fleksibilitetin-ne-zbatimin-e-ees-po-percaktohen-sot\\\/#respond\"]}]},{\"@type\":\"WebPage\",\"@id\":\"https:\\\/\\\/kosovatimes.info\\\/index.php\\\/2026\\\/09\\\/06\\\/udhetaret-drejt-be-se-mund-te-perballen-perseri-me-radhe-te-gjata-ne-kufij-rregullat-mbi-fleksibilitetin-ne-zbatimin-e-ees-po-percaktohen-sot\\\/\",\"url\":\"https:\\\/\\\/kosovatimes.info\\\/index.php\\\/2026\\\/09\\\/06\\\/udhetaret-drejt-be-se-mund-te-perballen-perseri-me-radhe-te-gjata-ne-kufij-rregullat-mbi-fleksibilitetin-ne-zbatimin-e-ees-po-percaktohen-sot\\\/\",\"name\":\"Udh\u00ebtar\u00ebt drejt BE-s\u00eb mund t\u00eb p\u00ebrballen p\u00ebrs\u00ebri me radh\u00eb t\u00eb gjata n\u00eb kufij, rregullat mbi fleksibilitetin n\u00eb zbatimin e EES po p\u00ebrcaktohen sot - Kosova Times\",\"isPartOf\":{\"@id\":\"https:\\\/\\\/kosovatimes.info\\\/#website\"},\"primaryImageOfPage\":{\"@id\":\"https:\\\/\\\/kosovatimes.info\\\/index.php\\\/2026\\\/09\\\/06\\\/udhetaret-drejt-be-se-mund-te-perballen-perseri-me-radhe-te-gjata-ne-kufij-rregullat-mbi-fleksibilitetin-ne-zbatimin-e-ees-po-percaktohen-sot\\\/#primaryimage\"},\"image\":{\"@id\":\"https:\\\/\\\/kosovatimes.info\\\/index.php\\\/2026\\\/09\\\/06\\\/udhetaret-drejt-be-se-mund-te-perballen-perseri-me-radhe-te-gjata-ne-kufij-rregullat-mbi-fleksibilitetin-ne-zbatimin-e-ees-po-percaktohen-sot\\\/#primaryimage\"},\"thumbnailUrl\":\"https:\\\/\\\/kosovatimes.info\\\/wp-content\\\/uploads\\\/2026\\\/09\\\/autostrade.webp\",\"datePublished\":\"2026-09-06T05:45:43+00:00\",\"dateModified\":\"2026-09-06T05:45:45+00:00\",\"author\":{\"@id\":\"https:\\\/\\\/kosovatimes.info\\\/#\\\/schema\\\/person\\\/7586712b9c512fe68085de007378c915\"},\"breadcrumb\":{\"@id\":\"https:\\\/\\\/kosovatimes.info\\\/index.php\\\/2026\\\/09\\\/06\\\/udhetaret-drejt-be-se-mund-te-perballen-perseri-me-radhe-te-gjata-ne-kufij-rregullat-mbi-fleksibilitetin-ne-zbatimin-e-ees-po-percaktohen-sot\\\/#breadcrumb\"},\"inLanguage\":\"en-US\",\"potentialAction\":[{\"@type\":\"ReadAction\",\"target\":[\"https:\\\/\\\/kosovatimes.info\\\/index.php\\\/2026\\\/09\\\/06\\\/udhetaret-drejt-be-se-mund-te-perballen-perseri-me-radhe-te-gjata-ne-kufij-rregullat-mbi-fleksibilitetin-ne-zbatimin-e-ees-po-percaktohen-sot\\\/\"]}]},{\"@type\":\"ImageObject\",\"inLanguage\":\"en-US\",\"@id\":\"https:\\\/\\\/kosovatimes.info\\\/index.php\\\/2026\\\/09\\\/06\\\/udhetaret-drejt-be-se-mund-te-perballen-perseri-me-radhe-te-gjata-ne-kufij-rregullat-mbi-fleksibilitetin-ne-zbatimin-e-ees-po-percaktohen-sot\\\/#primaryimage\",\"url\":\"https:\\\/\\\/kosovatimes.info\\\/wp-content\\\/uploads\\\/2026\\\/09\\\/autostrade.webp\",\"contentUrl\":\"https:\\\/\\\/kosovatimes.info\\\/wp-content\\\/uploads\\\/2026\\\/09\\\/autostrade.webp\",\"width\":800,\"height\":533},{\"@type\":\"BreadcrumbList\",\"@id\":\"https:\\\/\\\/kosovatimes.info\\\/index.php\\\/2026\\\/09\\\/06\\\/udhetaret-drejt-be-se-mund-te-perballen-perseri-me-radhe-te-gjata-ne-kufij-rregullat-mbi-fleksibilitetin-ne-zbatimin-e-ees-po-percaktohen-sot\\\/#breadcrumb\",\"itemListElement\":[{\"@type\":\"ListItem\",\"position\":1,\"name\":\"Home\",\"item\":\"https:\\\/\\\/kosovatimes.info\\\/\"},{\"@type\":\"ListItem\",\"position\":2,\"name\":\"Udh\u00ebtar\u00ebt drejt BE-s\u00eb mund t\u00eb p\u00ebrballen p\u00ebrs\u00ebri me radh\u00eb t\u00eb gjata n\u00eb kufij, rregullat mbi fleksibilitetin n\u00eb zbatimin e EES po p\u00ebrcaktohen sot\"}]},{\"@type\":\"WebSite\",\"@id\":\"https:\\\/\\\/kosovatimes.info\\\/#website\",\"url\":\"https:\\\/\\\/kosovatimes.info\\\/\",\"name\":\"Kosova Times\",\"description\":\"\",\"potentialAction\":[{\"@type\":\"SearchAction\",\"target\":{\"@type\":\"EntryPoint\",\"urlTemplate\":\"https:\\\/\\\/kosovatimes.info\\\/?s={search_term_string}\"},\"query-input\":{\"@type\":\"PropertyValueSpecification\",\"valueRequired\":true,\"valueName\":\"search_term_string\"}}],\"inLanguage\":\"en-US\"},{\"@type\":\"Person\",\"@id\":\"https:\\\/\\\/kosovatimes.info\\\/#\\\/schema\\\/person\\\/7586712b9c512fe68085de007378c915\",\"name\":\"i l\",\"image\":{\"@type\":\"ImageObject\",\"inLanguage\":\"en-US\",\"@id\":\"https:\\\/\\\/secure.gravatar.com\\\/avatar\\\/bad9296e02816160ae2e2435beda58222022298d5625d49fea74d18816fbb31d?s=96&d=mm&r=g\",\"url\":\"https:\\\/\\\/secure.gravatar.com\\\/avatar\\\/bad9296e02816160ae2e2435beda58222022298d5625d49fea74d18816fbb31d?s=96&d=mm&r=g\",\"contentUrl\":\"https:\\\/\\\/secure.gravatar.com\\\/avatar\\\/bad9296e02816160ae2e2435beda58222022298d5625d49fea74d18816fbb31d?s=96&d=mm&r=g\",\"caption\":\"i l\"},\"url\":\"https:\\\/\\\/kosovatimes.info\\\/index.php\\\/author\\\/iliri\\\/\"}]}<\/script>\n<!-- \/ Yoast SEO plugin. -->","yoast_head_json":{"title":"Udh\u00ebtar\u00ebt drejt BE-s\u00eb mund t\u00eb p\u00ebrballen p\u00ebrs\u00ebri me radh\u00eb t\u00eb gjata n\u00eb kufij, rregullat mbi fleksibilitetin n\u00eb zbatimin e EES po p\u00ebrcaktohen sot - Kosova Times","robots":{"index":"index","follow":"follow","max-snippet":"max-snippet:-1","max-image-preview":"max-image-preview:large","max-video-preview":"max-video-preview:-1"},"canonical":"https:\/\/kosovatimes.info\/index.php\/2026\/09\/06\/udhetaret-drejt-be-se-mund-te-perballen-perseri-me-radhe-te-gjata-ne-kufij-rregullat-mbi-fleksibilitetin-ne-zbatimin-e-ees-po-percaktohen-sot\/","og_locale":"en_US","og_type":"article","og_title":"Udh\u00ebtar\u00ebt drejt BE-s\u00eb mund t\u00eb p\u00ebrballen p\u00ebrs\u00ebri me radh\u00eb t\u00eb gjata n\u00eb kufij, rregullat mbi fleksibilitetin n\u00eb zbatimin e EES po p\u00ebrcaktohen sot - Kosova Times","og_description":"Udh\u00ebtar\u00ebt q\u00eb udh\u00ebtojn\u00eb drejt vendeve t\u00eb Bashkimit Evropian mund t\u00eb p\u00ebrballen p\u00ebrs\u00ebri me pritje m\u00eb t\u00eb gjata n\u00eb kufij, pasi sot skadon periudha n\u00eb t\u00eb cil\u00ebn shtetet an\u00ebtare u mund\u00ebsua t\u00eb zbatonin n\u00eb m\u00ebnyr\u00eb m\u00eb fleksibile sistemin e ri t\u00eb hyrjes dhe daljes nga BE-ja. Edhe pse Komisioni Evropian nuk e zgjati mund\u00ebsin\u00eb e pezullimit [&hellip;]","og_url":"https:\/\/kosovatimes.info\/index.php\/2026\/09\/06\/udhetaret-drejt-be-se-mund-te-perballen-perseri-me-radhe-te-gjata-ne-kufij-rregullat-mbi-fleksibilitetin-ne-zbatimin-e-ees-po-percaktohen-sot\/","og_site_name":"Kosova Times","article_published_time":"2026-09-06T05:45:43+00:00","article_modified_time":"2026-09-06T05:45:45+00:00","og_image":[{"width":800,"height":533,"url":"https:\/\/kosovatimes.info\/wp-content\/uploads\/2026\/09\/autostrade.webp","type":"image\/webp"}],"author":"i l","twitter_card":"summary_large_image","twitter_misc":{"Written by":"i l","Est. reading time":"4 minutes"},"schema":{"@context":"https:\/\/schema.org","@graph":[{"@type":"Article","@id":"https:\/\/kosovatimes.info\/index.php\/2026\/09\/06\/udhetaret-drejt-be-se-mund-te-perballen-perseri-me-radhe-te-gjata-ne-kufij-rregullat-mbi-fleksibilitetin-ne-zbatimin-e-ees-po-percaktohen-sot\/#article","isPartOf":{"@id":"https:\/\/kosovatimes.info\/index.php\/2026\/09\/06\/udhetaret-drejt-be-se-mund-te-perballen-perseri-me-radhe-te-gjata-ne-kufij-rregullat-mbi-fleksibilitetin-ne-zbatimin-e-ees-po-percaktohen-sot\/"},"author":{"name":"i l","@id":"https:\/\/kosovatimes.info\/#\/schema\/person\/7586712b9c512fe68085de007378c915"},"headline":"Udh\u00ebtar\u00ebt drejt BE-s\u00eb mund t\u00eb p\u00ebrballen p\u00ebrs\u00ebri me radh\u00eb t\u00eb gjata n\u00eb kufij, rregullat mbi fleksibilitetin n\u00eb zbatimin e EES po p\u00ebrcaktohen sot","datePublished":"2026-09-06T05:45:43+00:00","dateModified":"2026-09-06T05:45:45+00:00","mainEntityOfPage":{"@id":"https:\/\/kosovatimes.info\/index.php\/2026\/09\/06\/udhetaret-drejt-be-se-mund-te-perballen-perseri-me-radhe-te-gjata-ne-kufij-rregullat-mbi-fleksibilitetin-ne-zbatimin-e-ees-po-percaktohen-sot\/"},"wordCount":792,"commentCount":0,"image":{"@id":"https:\/\/kosovatimes.info\/index.php\/2026\/09\/06\/udhetaret-drejt-be-se-mund-te-perballen-perseri-me-radhe-te-gjata-ne-kufij-rregullat-mbi-fleksibilitetin-ne-zbatimin-e-ees-po-percaktohen-sot\/#primaryimage"},"thumbnailUrl":"https:\/\/kosovatimes.info\/wp-content\/uploads\/2026\/09\/autostrade.webp","articleSection":["Bot\u00eb","Lajme"],"inLanguage":"en-US","potentialAction":[{"@type":"CommentAction","name":"Comment","target":["https:\/\/kosovatimes.info\/index.php\/2026\/09\/06\/udhetaret-drejt-be-se-mund-te-perballen-perseri-me-radhe-te-gjata-ne-kufij-rregullat-mbi-fleksibilitetin-ne-zbatimin-e-ees-po-percaktohen-sot\/#respond"]}]},{"@type":"WebPage","@id":"https:\/\/kosovatimes.info\/index.php\/2026\/09\/06\/udhetaret-drejt-be-se-mund-te-perballen-perseri-me-radhe-te-gjata-ne-kufij-rregullat-mbi-fleksibilitetin-ne-zbatimin-e-ees-po-percaktohen-sot\/","url":"https:\/\/kosovatimes.info\/index.php\/2026\/09\/06\/udhetaret-drejt-be-se-mund-te-perballen-perseri-me-radhe-te-gjata-ne-kufij-rregullat-mbi-fleksibilitetin-ne-zbatimin-e-ees-po-percaktohen-sot\/","name":"Udh\u00ebtar\u00ebt drejt BE-s\u00eb mund t\u00eb p\u00ebrballen p\u00ebrs\u00ebri me radh\u00eb t\u00eb gjata n\u00eb kufij, rregullat mbi fleksibilitetin n\u00eb zbatimin e EES po p\u00ebrcaktohen sot - Kosova Times","isPartOf":{"@id":"https:\/\/kosovatimes.info\/#website"},"primaryImageOfPage":{"@id":"https:\/\/kosovatimes.info\/index.php\/2026\/09\/06\/udhetaret-drejt-be-se-mund-te-perballen-perseri-me-radhe-te-gjata-ne-kufij-rregullat-mbi-fleksibilitetin-ne-zbatimin-e-ees-po-percaktohen-sot\/#primaryimage"},"image":{"@id":"https:\/\/kosovatimes.info\/index.php\/2026\/09\/06\/udhetaret-drejt-be-se-mund-te-perballen-perseri-me-radhe-te-gjata-ne-kufij-rregullat-mbi-fleksibilitetin-ne-zbatimin-e-ees-po-percaktohen-sot\/#primaryimage"},"thumbnailUrl":"https:\/\/kosovatimes.info\/wp-content\/uploads\/2026\/09\/autostrade.webp","datePublished":"2026-09-06T05:45:43+00:00","dateModified":"2026-09-06T05:45:45+00:00","author":{"@id":"https:\/\/kosovatimes.info\/#\/schema\/person\/7586712b9c512fe68085de007378c915"},"breadcrumb":{"@id":"https:\/\/kosovatimes.info\/index.php\/2026\/09\/06\/udhetaret-drejt-be-se-mund-te-perballen-perseri-me-radhe-te-gjata-ne-kufij-rregullat-mbi-fleksibilitetin-ne-zbatimin-e-ees-po-percaktohen-sot\/#breadcrumb"},"inLanguage":"en-US","potentialAction":[{"@type":"ReadAction","target":["https:\/\/kosovatimes.info\/index.php\/2026\/09\/06\/udhetaret-drejt-be-se-mund-te-perballen-perseri-me-radhe-te-gjata-ne-kufij-rregullat-mbi-fleksibilitetin-ne-zbatimin-e-ees-po-percaktohen-sot\/"]}]},{"@type":"ImageObject","inLanguage":"en-US","@id":"https:\/\/kosovatimes.info\/index.php\/2026\/09\/06\/udhetaret-drejt-be-se-mund-te-perballen-perseri-me-radhe-te-gjata-ne-kufij-rregullat-mbi-fleksibilitetin-ne-zbatimin-e-ees-po-percaktohen-sot\/#primaryimage","url":"https:\/\/kosovatimes.info\/wp-content\/uploads\/2026\/09\/autostrade.webp","contentUrl":"https:\/\/kosovatimes.info\/wp-content\/uploads\/2026\/09\/autostrade.webp","width":800,"height":533},{"@type":"BreadcrumbList","@id":"https:\/\/kosovatimes.info\/index.php\/2026\/09\/06\/udhetaret-drejt-be-se-mund-te-perballen-perseri-me-radhe-te-gjata-ne-kufij-rregullat-mbi-fleksibilitetin-ne-zbatimin-e-ees-po-percaktohen-sot\/#breadcrumb","itemListElement":[{"@type":"ListItem","position":1,"name":"Home","item":"https:\/\/kosovatimes.info\/"},{"@type":"ListItem","position":2,"name":"Udh\u00ebtar\u00ebt drejt BE-s\u00eb mund t\u00eb p\u00ebrballen p\u00ebrs\u00ebri me radh\u00eb t\u00eb gjata n\u00eb kufij, rregullat mbi fleksibilitetin n\u00eb zbatimin e EES po p\u00ebrcaktohen sot"}]},{"@type":"WebSite","@id":"https:\/\/kosovatimes.info\/#website","url":"https:\/\/kosovatimes.info\/","name":"Kosova Times","description":"","potentialAction":[{"@type":"SearchAction","target":{"@type":"EntryPoint","urlTemplate":"https:\/\/kosovatimes.info\/?s={search_term_string}"},"query-input":{"@type":"PropertyValueSpecification","valueRequired":true,"valueName":"search_term_string"}}],"inLanguage":"en-US"},{"@type":"Person","@id":"https:\/\/kosovatimes.info\/#\/schema\/person\/7586712b9c512fe68085de007378c915","name":"i l","image":{"@type":"ImageObject","inLanguage":"en-US","@id":"https:\/\/secure.gravatar.com\/avatar\/bad9296e02816160ae2e2435beda58222022298d5625d49fea74d18816fbb31d?s=96&d=mm&r=g","url":"https:\/\/secure.gravatar.com\/avatar\/bad9296e02816160ae2e2435beda58222022298d5625d49fea74d18816fbb31d?s=96&d=mm&r=g","contentUrl":"https:\/\/secure.gravatar.com\/avatar\/bad9296e02816160ae2e2435beda58222022298d5625d49fea74d18816fbb31d?s=96&d=mm&r=g","caption":"i l"},"url":"https:\/\/kosovatimes.info\/index.php\/author\/iliri\/"}]}},"_links":{"self":[{"href":"https:\/\/kosovatimes.info\/index.php\/wp-json\/wp\/v2\/posts\/31099","targetHints":{"allow":["GET"]}}],"collection":[{"href":"https:\/\/kosovatimes.info\/index.php\/wp-json\/wp\/v2\/posts"}],"about":[{"href":"https:\/\/kosovatimes.info\/index.php\/wp-json\/wp\/v2\/types\/post"}],"author":[{"embeddable":true,"href":"https:\/\/kosovatimes.info\/index.php\/wp-json\/wp\/v2\/users\/4"}],"replies":[{"embeddable":true,"href":"https:\/\/kosovatimes.info\/index.php\/wp-json\/wp\/v2\/comments?post=31099"}],"version-history":[{"count":1,"href":"https:\/\/kosovatimes.info\/index.php\/wp-json\/wp\/v2\/posts\/31099\/revisions"}],"predecessor-version":[{"id":31101,"href":"https:\/\/kosovatimes.info\/index.php\/wp-json\/wp\/v2\/posts\/31099\/revisions\/31101"}],"wp:featuredmedia":[{"embeddable":true,"href":"https:\/\/kosovatimes.info\/index.php\/wp-json\/wp\/v2\/media\/31100"}],"wp:attachment":[{"href":"https:\/\/kosovatimes.info\/index.php\/wp-json\/wp\/v2\/media?parent=31099"}],"wp:term":[{"taxonomy":"category","embeddable":true,"href":"https:\/\/kosovatimes.info\/index.php\/wp-json\/wp\/v2\/categories?post=31099"},{"taxonomy":"post_tag","embeddable":true,"href":"https:\/\/kosovatimes.info\/index.php\/wp-json\/wp\/v2\/tags?post=31099"}],"curies":[{"name":"wp","href":"https:\/\/api.w.org\/{rel}","templated":true}]}}