{"id":31105,"date":"2026-09-06T07:52:37","date_gmt":"2026-09-06T05:52:37","guid":{"rendered":"https:\/\/kosovatimes.info\/?p=31105"},"modified":"2026-09-06T07:52:39","modified_gmt":"2026-09-06T05:52:39","slug":"nje-i-vdekur-ne-perplasjen-midis-jahtit-dhe-varkes-ne-gjirin-e-kenchreae","status":"publish","type":"post","link":"https:\/\/kosovatimes.info\/index.php\/2026\/09\/06\/nje-i-vdekur-ne-perplasjen-midis-jahtit-dhe-varkes-ne-gjirin-e-kenchreae\/","title":{"rendered":"Nj\u00eb i vdekur n\u00eb p\u00ebrplasjen midis jahtit dhe varkes n\u00eb Gjirin e Kenchreae"},"content":{"rendered":"\n<p class=\"wp-block-paragraph\">Nj\u00eb p\u00ebrplasje midis nj\u00eb jahti dhe nj\u00eb varke n\u00eb zon\u00ebn detare pran\u00eb Ishujve&nbsp;<strong>Istmian\u00eb<\/strong>&nbsp;, n\u00eb Gjirin e Kehnchreon, pati nj\u00eb rezultat tragjik, ku nj\u00eb person humbi jet\u00ebn.<\/p>\n\n\n\n<p class=\"wp-block-paragraph\">Sipas&nbsp;<strong>Roj\u00ebs Bregdetare<\/strong>&nbsp;, nj\u00eb jaht q\u00eb mbante flamurin maltez, me gjasht\u00eb pasagjer\u00eb dhe 11 an\u00ebtar\u00eb t\u00eb ekuipazhit, u p\u00ebrplas n\u00eb rrethana ende t\u00eb paqarta me nj\u00eb gomone q\u00eb transportonte dy shtetas grek\u00eb.<\/p>\n\n\n\n<p class=\"wp-block-paragraph\">Dy personat n\u00eb bord t\u00eb gomones u mor\u00ebn nga varka ndihm\u00ebse e jahtit dhe m\u00eb pas u transportuan me ambulanc\u00ebn e EKAB n\u00eb Spitalin e P\u00ebrgjithsh\u00ebm t\u00eb Korinthit. Atje, nj\u00ebri prej t\u00eb dyve u shpall i vdekur.<\/p>\n\n\n\n<p class=\"wp-block-paragraph\">Shkaqet dhe rrethanat e sakta t\u00eb p\u00ebrplasjes&nbsp;<strong>po hetohen<\/strong>&nbsp;nga autoritetet kompetente portuale.<\/p>\n\n\n\n<p class=\"wp-block-paragraph\">Pas urdhrit t\u00eb prokurorit, kapiteni i jahtit do t\u00eb arrestohet si pjes\u00eb e hetimit q\u00eb \u00ebsht\u00eb n\u00eb vazhdim.<\/p>\n\n\n\n<p class=\"wp-block-paragraph\"><em>Burimi: APE-MPA<\/em><\/p>\n","protected":false},"excerpt":{"rendered":"<p>Nj\u00eb p\u00ebrplasje midis nj\u00eb jahti dhe nj\u00eb varke n\u00eb zon\u00ebn detare pran\u00eb Ishujve&nbsp;Istmian\u00eb&nbsp;, n\u00eb Gjirin e Kehnchreon, pati nj\u00eb rezultat tragjik, ku nj\u00eb person humbi jet\u00ebn. Sipas&nbsp;Roj\u00ebs Bregdetare&nbsp;, nj\u00eb jaht q\u00eb mbante flamurin maltez, me gjasht\u00eb pasagjer\u00eb dhe 11 an\u00ebtar\u00eb t\u00eb ekuipazhit, u p\u00ebrplas n\u00eb rrethana ende t\u00eb paqarta me nj\u00eb gomone q\u00eb transportonte dy [&hellip;]<\/p>\n","protected":false},"author":4,"featured_media":31106,"comment_status":"open","ping_status":"open","sticky":false,"template":"","format":"standard","meta":{"footnotes":""},"categories":[30,32],"tags":[],"class_list":["post-31105","post","type-post","status-publish","format-standard","has-post-thumbnail","category-lajme","category-rajon"],"yoast_head":"<!-- This site is optimized with the Yoast SEO plugin v27.4 - https:\/\/yoast.com\/product\/yoast-seo-wordpress\/ -->\n<title>Nj\u00eb i vdekur n\u00eb p\u00ebrplasjen midis jahtit dhe varkes n\u00eb Gjirin e Kenchreae - Kosova Times<\/title>\n<meta name=\"robots\" content=\"index, follow, max-snippet:-1, max-image-preview:large, max-video-preview:-1\" \/>\n<link rel=\"canonical\" href=\"https:\/\/kosovatimes.info\/index.php\/2026\/09\/06\/nje-i-vdekur-ne-perplasjen-midis-jahtit-dhe-varkes-ne-gjirin-e-kenchreae\/\" \/>\n<meta property=\"og:locale\" content=\"en_US\" \/>\n<meta property=\"og:type\" content=\"article\" \/>\n<meta property=\"og:title\" content=\"Nj\u00eb i vdekur n\u00eb p\u00ebrplasjen midis jahtit dhe varkes n\u00eb Gjirin e Kenchreae - Kosova Times\" \/>\n<meta property=\"og:description\" content=\"Nj\u00eb p\u00ebrplasje midis nj\u00eb jahti dhe nj\u00eb varke n\u00eb zon\u00ebn detare pran\u00eb Ishujve&nbsp;Istmian\u00eb&nbsp;, n\u00eb Gjirin e Kehnchreon, pati nj\u00eb rezultat tragjik, ku nj\u00eb person humbi jet\u00ebn. Sipas&nbsp;Roj\u00ebs Bregdetare&nbsp;, nj\u00eb jaht q\u00eb mbante flamurin maltez, me gjasht\u00eb pasagjer\u00eb dhe 11 an\u00ebtar\u00eb t\u00eb ekuipazhit, u p\u00ebrplas n\u00eb rrethana ende t\u00eb paqarta me nj\u00eb gomone q\u00eb transportonte dy [&hellip;]\" \/>\n<meta property=\"og:url\" content=\"https:\/\/kosovatimes.info\/index.php\/2026\/09\/06\/nje-i-vdekur-ne-perplasjen-midis-jahtit-dhe-varkes-ne-gjirin-e-kenchreae\/\" \/>\n<meta property=\"og:site_name\" content=\"Kosova Times\" \/>\n<meta property=\"article:published_time\" content=\"2026-09-06T05:52:37+00:00\" \/>\n<meta property=\"article:modified_time\" content=\"2026-09-06T05:52:39+00:00\" \/>\n<meta property=\"og:image\" content=\"https:\/\/kosovatimes.info\/wp-content\/uploads\/2026\/09\/Varke.jpg\" \/>\n\t<meta property=\"og:image:width\" content=\"1920\" \/>\n\t<meta property=\"og:image:height\" content=\"1080\" \/>\n\t<meta property=\"og:image:type\" content=\"image\/jpeg\" \/>\n<meta name=\"author\" content=\"i l\" \/>\n<meta name=\"twitter:card\" content=\"summary_large_image\" \/>\n<meta name=\"twitter:label1\" content=\"Written by\" \/>\n\t<meta name=\"twitter:data1\" content=\"i l\" \/>\n\t<meta name=\"twitter:label2\" content=\"Est. reading time\" \/>\n\t<meta name=\"twitter:data2\" content=\"1 minute\" \/>\n<script type=\"application\/ld+json\" class=\"yoast-schema-graph\">{\"@context\":\"https:\\\/\\\/schema.org\",\"@graph\":[{\"@type\":\"Article\",\"@id\":\"https:\\\/\\\/kosovatimes.info\\\/index.php\\\/2026\\\/09\\\/06\\\/nje-i-vdekur-ne-perplasjen-midis-jahtit-dhe-varkes-ne-gjirin-e-kenchreae\\\/#article\",\"isPartOf\":{\"@id\":\"https:\\\/\\\/kosovatimes.info\\\/index.php\\\/2026\\\/09\\\/06\\\/nje-i-vdekur-ne-perplasjen-midis-jahtit-dhe-varkes-ne-gjirin-e-kenchreae\\\/\"},\"author\":{\"name\":\"i l\",\"@id\":\"https:\\\/\\\/kosovatimes.info\\\/#\\\/schema\\\/person\\\/7586712b9c512fe68085de007378c915\"},\"headline\":\"Nj\u00eb i vdekur n\u00eb p\u00ebrplasjen midis jahtit dhe varkes n\u00eb Gjirin e Kenchreae\",\"datePublished\":\"2026-09-06T05:52:37+00:00\",\"dateModified\":\"2026-09-06T05:52:39+00:00\",\"mainEntityOfPage\":{\"@id\":\"https:\\\/\\\/kosovatimes.info\\\/index.php\\\/2026\\\/09\\\/06\\\/nje-i-vdekur-ne-perplasjen-midis-jahtit-dhe-varkes-ne-gjirin-e-kenchreae\\\/\"},\"wordCount\":161,\"commentCount\":0,\"image\":{\"@id\":\"https:\\\/\\\/kosovatimes.info\\\/index.php\\\/2026\\\/09\\\/06\\\/nje-i-vdekur-ne-perplasjen-midis-jahtit-dhe-varkes-ne-gjirin-e-kenchreae\\\/#primaryimage\"},\"thumbnailUrl\":\"https:\\\/\\\/kosovatimes.info\\\/wp-content\\\/uploads\\\/2026\\\/09\\\/Varke.jpg\",\"articleSection\":[\"Lajme\",\"Rajon\"],\"inLanguage\":\"en-US\",\"potentialAction\":[{\"@type\":\"CommentAction\",\"name\":\"Comment\",\"target\":[\"https:\\\/\\\/kosovatimes.info\\\/index.php\\\/2026\\\/09\\\/06\\\/nje-i-vdekur-ne-perplasjen-midis-jahtit-dhe-varkes-ne-gjirin-e-kenchreae\\\/#respond\"]}]},{\"@type\":\"WebPage\",\"@id\":\"https:\\\/\\\/kosovatimes.info\\\/index.php\\\/2026\\\/09\\\/06\\\/nje-i-vdekur-ne-perplasjen-midis-jahtit-dhe-varkes-ne-gjirin-e-kenchreae\\\/\",\"url\":\"https:\\\/\\\/kosovatimes.info\\\/index.php\\\/2026\\\/09\\\/06\\\/nje-i-vdekur-ne-perplasjen-midis-jahtit-dhe-varkes-ne-gjirin-e-kenchreae\\\/\",\"name\":\"Nj\u00eb i vdekur n\u00eb p\u00ebrplasjen midis jahtit dhe varkes n\u00eb Gjirin e Kenchreae - Kosova Times\",\"isPartOf\":{\"@id\":\"https:\\\/\\\/kosovatimes.info\\\/#website\"},\"primaryImageOfPage\":{\"@id\":\"https:\\\/\\\/kosovatimes.info\\\/index.php\\\/2026\\\/09\\\/06\\\/nje-i-vdekur-ne-perplasjen-midis-jahtit-dhe-varkes-ne-gjirin-e-kenchreae\\\/#primaryimage\"},\"image\":{\"@id\":\"https:\\\/\\\/kosovatimes.info\\\/index.php\\\/2026\\\/09\\\/06\\\/nje-i-vdekur-ne-perplasjen-midis-jahtit-dhe-varkes-ne-gjirin-e-kenchreae\\\/#primaryimage\"},\"thumbnailUrl\":\"https:\\\/\\\/kosovatimes.info\\\/wp-content\\\/uploads\\\/2026\\\/09\\\/Varke.jpg\",\"datePublished\":\"2026-09-06T05:52:37+00:00\",\"dateModified\":\"2026-09-06T05:52:39+00:00\",\"author\":{\"@id\":\"https:\\\/\\\/kosovatimes.info\\\/#\\\/schema\\\/person\\\/7586712b9c512fe68085de007378c915\"},\"breadcrumb\":{\"@id\":\"https:\\\/\\\/kosovatimes.info\\\/index.php\\\/2026\\\/09\\\/06\\\/nje-i-vdekur-ne-perplasjen-midis-jahtit-dhe-varkes-ne-gjirin-e-kenchreae\\\/#breadcrumb\"},\"inLanguage\":\"en-US\",\"potentialAction\":[{\"@type\":\"ReadAction\",\"target\":[\"https:\\\/\\\/kosovatimes.info\\\/index.php\\\/2026\\\/09\\\/06\\\/nje-i-vdekur-ne-perplasjen-midis-jahtit-dhe-varkes-ne-gjirin-e-kenchreae\\\/\"]}]},{\"@type\":\"ImageObject\",\"inLanguage\":\"en-US\",\"@id\":\"https:\\\/\\\/kosovatimes.info\\\/index.php\\\/2026\\\/09\\\/06\\\/nje-i-vdekur-ne-perplasjen-midis-jahtit-dhe-varkes-ne-gjirin-e-kenchreae\\\/#primaryimage\",\"url\":\"https:\\\/\\\/kosovatimes.info\\\/wp-content\\\/uploads\\\/2026\\\/09\\\/Varke.jpg\",\"contentUrl\":\"https:\\\/\\\/kosovatimes.info\\\/wp-content\\\/uploads\\\/2026\\\/09\\\/Varke.jpg\",\"width\":1920,\"height\":1080,\"caption\":\"***** \u03a0\u03a1\u039f\u03a3\u039f\u03a7\u0397 - \u03a3\u0397\u039c\u0395\u0399\u03a9\u03a3\u0397 \u0393\u0399\u0391 \u03a4\u039f\u039d \u0391\u03a1\u03a7\u0399\u03a3\u03a5\u039d\u03a4\u0391\u039a\u03a4\u0397 **** ** \u0397 \u03c6\u03c9\u03c4\u03bf\u03b3\u03c1\u03b1\u03c6\u03af\u03b1 \u03ad\u03c7\u03b5\u03b9 \u03bb\u03b7\u03c6\u03b8\u03b5\u03af \u03c7\u03c9\u03c1\u03af\u03c2 \u03c4\u03b7 \u03c1\u03b7\u03c4\u03ae \u03ac\u03b4\u03b5\u03b9\u03b1 \u03c4\u03c9\u03bd \u03b5\u03b9\u03ba\u03bf\u03bd\u03b9\u03b6\u03cc\u03bc\u03b5\u03bd\u03c9\u03bd. \u0397 \u03b4\u03b7\u03bc\u03bf\u03c3\u03af\u03b5\u03c5\u03c3\u03b7 \u03c4\u03c9\u03bd \u03c7\u03b1\u03c1\u03b1\u03ba\u03c4\u03b7\u03c1\u03b9\u03c3\u03c4\u03b9\u03ba\u03ce\u03bd \u03c4\u03bf\u03c5\u03c2 \u03b3\u03af\u03bd\u03b5\u03c4\u03b1\u03b9 \u03b1\u03c0\u03bf\u03ba\u03bb\u03b5\u03b9\u03c3\u03c4\u03b9\u03ba\u03ac \u03bc\u03b5 \u03b5\u03c5\u03b8\u03cd\u03bd\u03b7 \u03c4\u03bf\u03c5 \u03c7\u03c1\u03ae\u03c3\u03c4\u03b7 **\"},{\"@type\":\"BreadcrumbList\",\"@id\":\"https:\\\/\\\/kosovatimes.info\\\/index.php\\\/2026\\\/09\\\/06\\\/nje-i-vdekur-ne-perplasjen-midis-jahtit-dhe-varkes-ne-gjirin-e-kenchreae\\\/#breadcrumb\",\"itemListElement\":[{\"@type\":\"ListItem\",\"position\":1,\"name\":\"Home\",\"item\":\"https:\\\/\\\/kosovatimes.info\\\/\"},{\"@type\":\"ListItem\",\"position\":2,\"name\":\"Nj\u00eb i vdekur n\u00eb p\u00ebrplasjen midis jahtit dhe varkes n\u00eb Gjirin e Kenchreae\"}]},{\"@type\":\"WebSite\",\"@id\":\"https:\\\/\\\/kosovatimes.info\\\/#website\",\"url\":\"https:\\\/\\\/kosovatimes.info\\\/\",\"name\":\"Kosova Times\",\"description\":\"\",\"potentialAction\":[{\"@type\":\"SearchAction\",\"target\":{\"@type\":\"EntryPoint\",\"urlTemplate\":\"https:\\\/\\\/kosovatimes.info\\\/?s={search_term_string}\"},\"query-input\":{\"@type\":\"PropertyValueSpecification\",\"valueRequired\":true,\"valueName\":\"search_term_string\"}}],\"inLanguage\":\"en-US\"},{\"@type\":\"Person\",\"@id\":\"https:\\\/\\\/kosovatimes.info\\\/#\\\/schema\\\/person\\\/7586712b9c512fe68085de007378c915\",\"name\":\"i l\",\"image\":{\"@type\":\"ImageObject\",\"inLanguage\":\"en-US\",\"@id\":\"https:\\\/\\\/secure.gravatar.com\\\/avatar\\\/bad9296e02816160ae2e2435beda58222022298d5625d49fea74d18816fbb31d?s=96&d=mm&r=g\",\"url\":\"https:\\\/\\\/secure.gravatar.com\\\/avatar\\\/bad9296e02816160ae2e2435beda58222022298d5625d49fea74d18816fbb31d?s=96&d=mm&r=g\",\"contentUrl\":\"https:\\\/\\\/secure.gravatar.com\\\/avatar\\\/bad9296e02816160ae2e2435beda58222022298d5625d49fea74d18816fbb31d?s=96&d=mm&r=g\",\"caption\":\"i l\"},\"url\":\"https:\\\/\\\/kosovatimes.info\\\/index.php\\\/author\\\/iliri\\\/\"}]}<\/script>\n<!-- \/ Yoast SEO plugin. -->","yoast_head_json":{"title":"Nj\u00eb i vdekur n\u00eb p\u00ebrplasjen midis jahtit dhe varkes n\u00eb Gjirin e Kenchreae - Kosova Times","robots":{"index":"index","follow":"follow","max-snippet":"max-snippet:-1","max-image-preview":"max-image-preview:large","max-video-preview":"max-video-preview:-1"},"canonical":"https:\/\/kosovatimes.info\/index.php\/2026\/09\/06\/nje-i-vdekur-ne-perplasjen-midis-jahtit-dhe-varkes-ne-gjirin-e-kenchreae\/","og_locale":"en_US","og_type":"article","og_title":"Nj\u00eb i vdekur n\u00eb p\u00ebrplasjen midis jahtit dhe varkes n\u00eb Gjirin e Kenchreae - Kosova Times","og_description":"Nj\u00eb p\u00ebrplasje midis nj\u00eb jahti dhe nj\u00eb varke n\u00eb zon\u00ebn detare pran\u00eb Ishujve&nbsp;Istmian\u00eb&nbsp;, n\u00eb Gjirin e Kehnchreon, pati nj\u00eb rezultat tragjik, ku nj\u00eb person humbi jet\u00ebn. Sipas&nbsp;Roj\u00ebs Bregdetare&nbsp;, nj\u00eb jaht q\u00eb mbante flamurin maltez, me gjasht\u00eb pasagjer\u00eb dhe 11 an\u00ebtar\u00eb t\u00eb ekuipazhit, u p\u00ebrplas n\u00eb rrethana ende t\u00eb paqarta me nj\u00eb gomone q\u00eb transportonte dy [&hellip;]","og_url":"https:\/\/kosovatimes.info\/index.php\/2026\/09\/06\/nje-i-vdekur-ne-perplasjen-midis-jahtit-dhe-varkes-ne-gjirin-e-kenchreae\/","og_site_name":"Kosova Times","article_published_time":"2026-09-06T05:52:37+00:00","article_modified_time":"2026-09-06T05:52:39+00:00","og_image":[{"width":1920,"height":1080,"url":"https:\/\/kosovatimes.info\/wp-content\/uploads\/2026\/09\/Varke.jpg","type":"image\/jpeg"}],"author":"i l","twitter_card":"summary_large_image","twitter_misc":{"Written by":"i l","Est. reading time":"1 minute"},"schema":{"@context":"https:\/\/schema.org","@graph":[{"@type":"Article","@id":"https:\/\/kosovatimes.info\/index.php\/2026\/09\/06\/nje-i-vdekur-ne-perplasjen-midis-jahtit-dhe-varkes-ne-gjirin-e-kenchreae\/#article","isPartOf":{"@id":"https:\/\/kosovatimes.info\/index.php\/2026\/09\/06\/nje-i-vdekur-ne-perplasjen-midis-jahtit-dhe-varkes-ne-gjirin-e-kenchreae\/"},"author":{"name":"i l","@id":"https:\/\/kosovatimes.info\/#\/schema\/person\/7586712b9c512fe68085de007378c915"},"headline":"Nj\u00eb i vdekur n\u00eb p\u00ebrplasjen midis jahtit dhe varkes n\u00eb Gjirin e Kenchreae","datePublished":"2026-09-06T05:52:37+00:00","dateModified":"2026-09-06T05:52:39+00:00","mainEntityOfPage":{"@id":"https:\/\/kosovatimes.info\/index.php\/2026\/09\/06\/nje-i-vdekur-ne-perplasjen-midis-jahtit-dhe-varkes-ne-gjirin-e-kenchreae\/"},"wordCount":161,"commentCount":0,"image":{"@id":"https:\/\/kosovatimes.info\/index.php\/2026\/09\/06\/nje-i-vdekur-ne-perplasjen-midis-jahtit-dhe-varkes-ne-gjirin-e-kenchreae\/#primaryimage"},"thumbnailUrl":"https:\/\/kosovatimes.info\/wp-content\/uploads\/2026\/09\/Varke.jpg","articleSection":["Lajme","Rajon"],"inLanguage":"en-US","potentialAction":[{"@type":"CommentAction","name":"Comment","target":["https:\/\/kosovatimes.info\/index.php\/2026\/09\/06\/nje-i-vdekur-ne-perplasjen-midis-jahtit-dhe-varkes-ne-gjirin-e-kenchreae\/#respond"]}]},{"@type":"WebPage","@id":"https:\/\/kosovatimes.info\/index.php\/2026\/09\/06\/nje-i-vdekur-ne-perplasjen-midis-jahtit-dhe-varkes-ne-gjirin-e-kenchreae\/","url":"https:\/\/kosovatimes.info\/index.php\/2026\/09\/06\/nje-i-vdekur-ne-perplasjen-midis-jahtit-dhe-varkes-ne-gjirin-e-kenchreae\/","name":"Nj\u00eb i vdekur n\u00eb p\u00ebrplasjen midis jahtit dhe varkes n\u00eb Gjirin e Kenchreae - Kosova Times","isPartOf":{"@id":"https:\/\/kosovatimes.info\/#website"},"primaryImageOfPage":{"@id":"https:\/\/kosovatimes.info\/index.php\/2026\/09\/06\/nje-i-vdekur-ne-perplasjen-midis-jahtit-dhe-varkes-ne-gjirin-e-kenchreae\/#primaryimage"},"image":{"@id":"https:\/\/kosovatimes.info\/index.php\/2026\/09\/06\/nje-i-vdekur-ne-perplasjen-midis-jahtit-dhe-varkes-ne-gjirin-e-kenchreae\/#primaryimage"},"thumbnailUrl":"https:\/\/kosovatimes.info\/wp-content\/uploads\/2026\/09\/Varke.jpg","datePublished":"2026-09-06T05:52:37+00:00","dateModified":"2026-09-06T05:52:39+00:00","author":{"@id":"https:\/\/kosovatimes.info\/#\/schema\/person\/7586712b9c512fe68085de007378c915"},"breadcrumb":{"@id":"https:\/\/kosovatimes.info\/index.php\/2026\/09\/06\/nje-i-vdekur-ne-perplasjen-midis-jahtit-dhe-varkes-ne-gjirin-e-kenchreae\/#breadcrumb"},"inLanguage":"en-US","potentialAction":[{"@type":"ReadAction","target":["https:\/\/kosovatimes.info\/index.php\/2026\/09\/06\/nje-i-vdekur-ne-perplasjen-midis-jahtit-dhe-varkes-ne-gjirin-e-kenchreae\/"]}]},{"@type":"ImageObject","inLanguage":"en-US","@id":"https:\/\/kosovatimes.info\/index.php\/2026\/09\/06\/nje-i-vdekur-ne-perplasjen-midis-jahtit-dhe-varkes-ne-gjirin-e-kenchreae\/#primaryimage","url":"https:\/\/kosovatimes.info\/wp-content\/uploads\/2026\/09\/Varke.jpg","contentUrl":"https:\/\/kosovatimes.info\/wp-content\/uploads\/2026\/09\/Varke.jpg","width":1920,"height":1080,"caption":"***** \u03a0\u03a1\u039f\u03a3\u039f\u03a7\u0397 - \u03a3\u0397\u039c\u0395\u0399\u03a9\u03a3\u0397 \u0393\u0399\u0391 \u03a4\u039f\u039d \u0391\u03a1\u03a7\u0399\u03a3\u03a5\u039d\u03a4\u0391\u039a\u03a4\u0397 **** ** \u0397 \u03c6\u03c9\u03c4\u03bf\u03b3\u03c1\u03b1\u03c6\u03af\u03b1 \u03ad\u03c7\u03b5\u03b9 \u03bb\u03b7\u03c6\u03b8\u03b5\u03af \u03c7\u03c9\u03c1\u03af\u03c2 \u03c4\u03b7 \u03c1\u03b7\u03c4\u03ae \u03ac\u03b4\u03b5\u03b9\u03b1 \u03c4\u03c9\u03bd \u03b5\u03b9\u03ba\u03bf\u03bd\u03b9\u03b6\u03cc\u03bc\u03b5\u03bd\u03c9\u03bd. \u0397 \u03b4\u03b7\u03bc\u03bf\u03c3\u03af\u03b5\u03c5\u03c3\u03b7 \u03c4\u03c9\u03bd \u03c7\u03b1\u03c1\u03b1\u03ba\u03c4\u03b7\u03c1\u03b9\u03c3\u03c4\u03b9\u03ba\u03ce\u03bd \u03c4\u03bf\u03c5\u03c2 \u03b3\u03af\u03bd\u03b5\u03c4\u03b1\u03b9 \u03b1\u03c0\u03bf\u03ba\u03bb\u03b5\u03b9\u03c3\u03c4\u03b9\u03ba\u03ac \u03bc\u03b5 \u03b5\u03c5\u03b8\u03cd\u03bd\u03b7 \u03c4\u03bf\u03c5 \u03c7\u03c1\u03ae\u03c3\u03c4\u03b7 **"},{"@type":"BreadcrumbList","@id":"https:\/\/kosovatimes.info\/index.php\/2026\/09\/06\/nje-i-vdekur-ne-perplasjen-midis-jahtit-dhe-varkes-ne-gjirin-e-kenchreae\/#breadcrumb","itemListElement":[{"@type":"ListItem","position":1,"name":"Home","item":"https:\/\/kosovatimes.info\/"},{"@type":"ListItem","position":2,"name":"Nj\u00eb i vdekur n\u00eb p\u00ebrplasjen midis jahtit dhe varkes n\u00eb Gjirin e Kenchreae"}]},{"@type":"WebSite","@id":"https:\/\/kosovatimes.info\/#website","url":"https:\/\/kosovatimes.info\/","name":"Kosova Times","description":"","potentialAction":[{"@type":"SearchAction","target":{"@type":"EntryPoint","urlTemplate":"https:\/\/kosovatimes.info\/?s={search_term_string}"},"query-input":{"@type":"PropertyValueSpecification","valueRequired":true,"valueName":"search_term_string"}}],"inLanguage":"en-US"},{"@type":"Person","@id":"https:\/\/kosovatimes.info\/#\/schema\/person\/7586712b9c512fe68085de007378c915","name":"i l","image":{"@type":"ImageObject","inLanguage":"en-US","@id":"https:\/\/secure.gravatar.com\/avatar\/bad9296e02816160ae2e2435beda58222022298d5625d49fea74d18816fbb31d?s=96&d=mm&r=g","url":"https:\/\/secure.gravatar.com\/avatar\/bad9296e02816160ae2e2435beda58222022298d5625d49fea74d18816fbb31d?s=96&d=mm&r=g","contentUrl":"https:\/\/secure.gravatar.com\/avatar\/bad9296e02816160ae2e2435beda58222022298d5625d49fea74d18816fbb31d?s=96&d=mm&r=g","caption":"i l"},"url":"https:\/\/kosovatimes.info\/index.php\/author\/iliri\/"}]}},"_links":{"self":[{"href":"https:\/\/kosovatimes.info\/index.php\/wp-json\/wp\/v2\/posts\/31105","targetHints":{"allow":["GET"]}}],"collection":[{"href":"https:\/\/kosovatimes.info\/index.php\/wp-json\/wp\/v2\/posts"}],"about":[{"href":"https:\/\/kosovatimes.info\/index.php\/wp-json\/wp\/v2\/types\/post"}],"author":[{"embeddable":true,"href":"https:\/\/kosovatimes.info\/index.php\/wp-json\/wp\/v2\/users\/4"}],"replies":[{"embeddable":true,"href":"https:\/\/kosovatimes.info\/index.php\/wp-json\/wp\/v2\/comments?post=31105"}],"version-history":[{"count":1,"href":"https:\/\/kosovatimes.info\/index.php\/wp-json\/wp\/v2\/posts\/31105\/revisions"}],"predecessor-version":[{"id":31107,"href":"https:\/\/kosovatimes.info\/index.php\/wp-json\/wp\/v2\/posts\/31105\/revisions\/31107"}],"wp:featuredmedia":[{"embeddable":true,"href":"https:\/\/kosovatimes.info\/index.php\/wp-json\/wp\/v2\/media\/31106"}],"wp:attachment":[{"href":"https:\/\/kosovatimes.info\/index.php\/wp-json\/wp\/v2\/media?parent=31105"}],"wp:term":[{"taxonomy":"category","embeddable":true,"href":"https:\/\/kosovatimes.info\/index.php\/wp-json\/wp\/v2\/categories?post=31105"},{"taxonomy":"post_tag","embeddable":true,"href":"https:\/\/kosovatimes.info\/index.php\/wp-json\/wp\/v2\/tags?post=31105"}],"curies":[{"name":"wp","href":"https:\/\/api.w.org\/{rel}","templated":true}]}}