{"id":31119,"date":"2026-09-06T10:37:05","date_gmt":"2026-09-06T08:37:05","guid":{"rendered":"https:\/\/kosovatimes.info\/?p=31119"},"modified":"2026-09-06T10:37:06","modified_gmt":"2026-09-06T08:37:06","slug":"sperkatje-ne-klubin-e-nates-ne-gjermani-pese-te-plagosur-arrestohet-nje-18-vjecar","status":"publish","type":"post","link":"https:\/\/kosovatimes.info\/index.php\/2026\/09\/06\/sperkatje-ne-klubin-e-nates-ne-gjermani-pese-te-plagosur-arrestohet-nje-18-vjecar\/","title":{"rendered":"Sp\u00ebrkatje n\u00eb klubin e nat\u00ebs n\u00eb Gjermani, pes\u00eb t\u00eb plagosur. Arrestohet nj\u00eb 18-vje\u00e7ar"},"content":{"rendered":"\n<p class=\"wp-block-paragraph\">Pes\u00eb persona u plagos\u00ebn t\u00eb diel\u00ebn pasi nj\u00eb substanc\u00eb e panjohur u sp\u00ebrkat n\u00eb nj\u00eb klub nate n\u00eb shtetin verior gjerman t\u00eb Saksonis\u00eb s\u00eb Poshtme.<\/p>\n\n\n\n<p class=\"wp-block-paragraph\">Policia njoftoi se nj\u00eb operacion n\u00eb shkall\u00eb t\u00eb gjer\u00eb \u00ebsht\u00eb duke u zhvilluar n\u00eb nj\u00eb klub nate n\u00eb Lintig.<\/p>\n\n\n\n<h3 class=\"wp-block-heading\">Simptoma tek vizitor\u00ebt e klubit, arrestohet 18-vje\u00e7ari<\/h3>\n\n\n\n<p class=\"wp-block-paragraph\">Nj\u00eb substanc\u00eb e panjohur u sp\u00ebrkat n\u00eb nj\u00eb klub t\u00eb mbushur me disa qindra njer\u00ebz n\u00eb or\u00ebt e para t\u00eb s\u00eb diel\u00ebs, sipas policis\u00eb.<\/p>\n\n\n\n<p class=\"wp-block-paragraph\">Disa vizitor\u00eb p\u00ebrjetuan v\u00ebshtir\u00ebsi n\u00eb frym\u00ebmarrje dhe marramendje, dhe disa humb\u00ebn ndjenjat, thuhet n\u00eb nj\u00eb deklarat\u00eb t\u00eb policis\u00eb. Sh\u00ebrbimet e emergjenc\u00ebs u ofruan ndihm\u00eb disa personave.<\/p>\n\n\n\n<p class=\"wp-block-paragraph\">Nj\u00eb 19-vje\u00e7ar \u00ebsht\u00eb arrestuar, shtoi policia.<\/p>\n","protected":false},"excerpt":{"rendered":"<p>Pes\u00eb persona u plagos\u00ebn t\u00eb diel\u00ebn pasi nj\u00eb substanc\u00eb e panjohur u sp\u00ebrkat n\u00eb nj\u00eb klub nate n\u00eb shtetin verior gjerman t\u00eb Saksonis\u00eb s\u00eb Poshtme. Policia njoftoi se nj\u00eb operacion n\u00eb shkall\u00eb t\u00eb gjer\u00eb \u00ebsht\u00eb duke u zhvilluar n\u00eb nj\u00eb klub nate n\u00eb Lintig. Simptoma tek vizitor\u00ebt e klubit, arrestohet 18-vje\u00e7ari Nj\u00eb substanc\u00eb e panjohur [&hellip;]<\/p>\n","protected":false},"author":4,"featured_media":31120,"comment_status":"open","ping_status":"open","sticky":false,"template":"","format":"standard","meta":{"footnotes":""},"categories":[33,30],"tags":[],"class_list":["post-31119","post","type-post","status-publish","format-standard","has-post-thumbnail","category-bote","category-lajme"],"yoast_head":"<!-- This site is optimized with the Yoast SEO plugin v27.4 - https:\/\/yoast.com\/product\/yoast-seo-wordpress\/ -->\n<title>Sp\u00ebrkatje n\u00eb klubin e nat\u00ebs n\u00eb Gjermani, pes\u00eb t\u00eb plagosur. Arrestohet nj\u00eb 18-vje\u00e7ar - Kosova Times<\/title>\n<meta name=\"robots\" content=\"index, follow, max-snippet:-1, max-image-preview:large, max-video-preview:-1\" \/>\n<link rel=\"canonical\" href=\"https:\/\/kosovatimes.info\/index.php\/2026\/09\/06\/sperkatje-ne-klubin-e-nates-ne-gjermani-pese-te-plagosur-arrestohet-nje-18-vjecar\/\" \/>\n<meta property=\"og:locale\" content=\"en_US\" \/>\n<meta property=\"og:type\" content=\"article\" \/>\n<meta property=\"og:title\" content=\"Sp\u00ebrkatje n\u00eb klubin e nat\u00ebs n\u00eb Gjermani, pes\u00eb t\u00eb plagosur. Arrestohet nj\u00eb 18-vje\u00e7ar - Kosova Times\" \/>\n<meta property=\"og:description\" content=\"Pes\u00eb persona u plagos\u00ebn t\u00eb diel\u00ebn pasi nj\u00eb substanc\u00eb e panjohur u sp\u00ebrkat n\u00eb nj\u00eb klub nate n\u00eb shtetin verior gjerman t\u00eb Saksonis\u00eb s\u00eb Poshtme. Policia njoftoi se nj\u00eb operacion n\u00eb shkall\u00eb t\u00eb gjer\u00eb \u00ebsht\u00eb duke u zhvilluar n\u00eb nj\u00eb klub nate n\u00eb Lintig. Simptoma tek vizitor\u00ebt e klubit, arrestohet 18-vje\u00e7ari Nj\u00eb substanc\u00eb e panjohur [&hellip;]\" \/>\n<meta property=\"og:url\" content=\"https:\/\/kosovatimes.info\/index.php\/2026\/09\/06\/sperkatje-ne-klubin-e-nates-ne-gjermani-pese-te-plagosur-arrestohet-nje-18-vjecar\/\" \/>\n<meta property=\"og:site_name\" content=\"Kosova Times\" \/>\n<meta property=\"article:published_time\" content=\"2026-09-06T08:37:05+00:00\" \/>\n<meta property=\"article:modified_time\" content=\"2026-09-06T08:37:06+00:00\" \/>\n<meta property=\"og:image\" content=\"https:\/\/kosovatimes.info\/wp-content\/uploads\/2026\/09\/polizei.jpg\" \/>\n\t<meta property=\"og:image:width\" content=\"765\" \/>\n\t<meta property=\"og:image:height\" content=\"510\" \/>\n\t<meta property=\"og:image:type\" content=\"image\/jpeg\" \/>\n<meta name=\"author\" content=\"i l\" \/>\n<meta name=\"twitter:card\" content=\"summary_large_image\" \/>\n<meta name=\"twitter:label1\" content=\"Written by\" \/>\n\t<meta name=\"twitter:data1\" content=\"i l\" \/>\n\t<meta name=\"twitter:label2\" content=\"Est. reading time\" \/>\n\t<meta name=\"twitter:data2\" content=\"1 minute\" \/>\n<script type=\"application\/ld+json\" class=\"yoast-schema-graph\">{\"@context\":\"https:\\\/\\\/schema.org\",\"@graph\":[{\"@type\":\"Article\",\"@id\":\"https:\\\/\\\/kosovatimes.info\\\/index.php\\\/2026\\\/09\\\/06\\\/sperkatje-ne-klubin-e-nates-ne-gjermani-pese-te-plagosur-arrestohet-nje-18-vjecar\\\/#article\",\"isPartOf\":{\"@id\":\"https:\\\/\\\/kosovatimes.info\\\/index.php\\\/2026\\\/09\\\/06\\\/sperkatje-ne-klubin-e-nates-ne-gjermani-pese-te-plagosur-arrestohet-nje-18-vjecar\\\/\"},\"author\":{\"name\":\"i l\",\"@id\":\"https:\\\/\\\/kosovatimes.info\\\/#\\\/schema\\\/person\\\/7586712b9c512fe68085de007378c915\"},\"headline\":\"Sp\u00ebrkatje n\u00eb klubin e nat\u00ebs n\u00eb Gjermani, pes\u00eb t\u00eb plagosur. Arrestohet nj\u00eb 18-vje\u00e7ar\",\"datePublished\":\"2026-09-06T08:37:05+00:00\",\"dateModified\":\"2026-09-06T08:37:06+00:00\",\"mainEntityOfPage\":{\"@id\":\"https:\\\/\\\/kosovatimes.info\\\/index.php\\\/2026\\\/09\\\/06\\\/sperkatje-ne-klubin-e-nates-ne-gjermani-pese-te-plagosur-arrestohet-nje-18-vjecar\\\/\"},\"wordCount\":140,\"commentCount\":0,\"image\":{\"@id\":\"https:\\\/\\\/kosovatimes.info\\\/index.php\\\/2026\\\/09\\\/06\\\/sperkatje-ne-klubin-e-nates-ne-gjermani-pese-te-plagosur-arrestohet-nje-18-vjecar\\\/#primaryimage\"},\"thumbnailUrl\":\"https:\\\/\\\/kosovatimes.info\\\/wp-content\\\/uploads\\\/2026\\\/09\\\/polizei.jpg\",\"articleSection\":[\"Bot\u00eb\",\"Lajme\"],\"inLanguage\":\"en-US\",\"potentialAction\":[{\"@type\":\"CommentAction\",\"name\":\"Comment\",\"target\":[\"https:\\\/\\\/kosovatimes.info\\\/index.php\\\/2026\\\/09\\\/06\\\/sperkatje-ne-klubin-e-nates-ne-gjermani-pese-te-plagosur-arrestohet-nje-18-vjecar\\\/#respond\"]}]},{\"@type\":\"WebPage\",\"@id\":\"https:\\\/\\\/kosovatimes.info\\\/index.php\\\/2026\\\/09\\\/06\\\/sperkatje-ne-klubin-e-nates-ne-gjermani-pese-te-plagosur-arrestohet-nje-18-vjecar\\\/\",\"url\":\"https:\\\/\\\/kosovatimes.info\\\/index.php\\\/2026\\\/09\\\/06\\\/sperkatje-ne-klubin-e-nates-ne-gjermani-pese-te-plagosur-arrestohet-nje-18-vjecar\\\/\",\"name\":\"Sp\u00ebrkatje n\u00eb klubin e nat\u00ebs n\u00eb Gjermani, pes\u00eb t\u00eb plagosur. Arrestohet nj\u00eb 18-vje\u00e7ar - Kosova Times\",\"isPartOf\":{\"@id\":\"https:\\\/\\\/kosovatimes.info\\\/#website\"},\"primaryImageOfPage\":{\"@id\":\"https:\\\/\\\/kosovatimes.info\\\/index.php\\\/2026\\\/09\\\/06\\\/sperkatje-ne-klubin-e-nates-ne-gjermani-pese-te-plagosur-arrestohet-nje-18-vjecar\\\/#primaryimage\"},\"image\":{\"@id\":\"https:\\\/\\\/kosovatimes.info\\\/index.php\\\/2026\\\/09\\\/06\\\/sperkatje-ne-klubin-e-nates-ne-gjermani-pese-te-plagosur-arrestohet-nje-18-vjecar\\\/#primaryimage\"},\"thumbnailUrl\":\"https:\\\/\\\/kosovatimes.info\\\/wp-content\\\/uploads\\\/2026\\\/09\\\/polizei.jpg\",\"datePublished\":\"2026-09-06T08:37:05+00:00\",\"dateModified\":\"2026-09-06T08:37:06+00:00\",\"author\":{\"@id\":\"https:\\\/\\\/kosovatimes.info\\\/#\\\/schema\\\/person\\\/7586712b9c512fe68085de007378c915\"},\"breadcrumb\":{\"@id\":\"https:\\\/\\\/kosovatimes.info\\\/index.php\\\/2026\\\/09\\\/06\\\/sperkatje-ne-klubin-e-nates-ne-gjermani-pese-te-plagosur-arrestohet-nje-18-vjecar\\\/#breadcrumb\"},\"inLanguage\":\"en-US\",\"potentialAction\":[{\"@type\":\"ReadAction\",\"target\":[\"https:\\\/\\\/kosovatimes.info\\\/index.php\\\/2026\\\/09\\\/06\\\/sperkatje-ne-klubin-e-nates-ne-gjermani-pese-te-plagosur-arrestohet-nje-18-vjecar\\\/\"]}]},{\"@type\":\"ImageObject\",\"inLanguage\":\"en-US\",\"@id\":\"https:\\\/\\\/kosovatimes.info\\\/index.php\\\/2026\\\/09\\\/06\\\/sperkatje-ne-klubin-e-nates-ne-gjermani-pese-te-plagosur-arrestohet-nje-18-vjecar\\\/#primaryimage\",\"url\":\"https:\\\/\\\/kosovatimes.info\\\/wp-content\\\/uploads\\\/2026\\\/09\\\/polizei.jpg\",\"contentUrl\":\"https:\\\/\\\/kosovatimes.info\\\/wp-content\\\/uploads\\\/2026\\\/09\\\/polizei.jpg\",\"width\":765,\"height\":510},{\"@type\":\"BreadcrumbList\",\"@id\":\"https:\\\/\\\/kosovatimes.info\\\/index.php\\\/2026\\\/09\\\/06\\\/sperkatje-ne-klubin-e-nates-ne-gjermani-pese-te-plagosur-arrestohet-nje-18-vjecar\\\/#breadcrumb\",\"itemListElement\":[{\"@type\":\"ListItem\",\"position\":1,\"name\":\"Home\",\"item\":\"https:\\\/\\\/kosovatimes.info\\\/\"},{\"@type\":\"ListItem\",\"position\":2,\"name\":\"Sp\u00ebrkatje n\u00eb klubin e nat\u00ebs n\u00eb Gjermani, pes\u00eb t\u00eb plagosur. Arrestohet nj\u00eb 18-vje\u00e7ar\"}]},{\"@type\":\"WebSite\",\"@id\":\"https:\\\/\\\/kosovatimes.info\\\/#website\",\"url\":\"https:\\\/\\\/kosovatimes.info\\\/\",\"name\":\"Kosova Times\",\"description\":\"\",\"potentialAction\":[{\"@type\":\"SearchAction\",\"target\":{\"@type\":\"EntryPoint\",\"urlTemplate\":\"https:\\\/\\\/kosovatimes.info\\\/?s={search_term_string}\"},\"query-input\":{\"@type\":\"PropertyValueSpecification\",\"valueRequired\":true,\"valueName\":\"search_term_string\"}}],\"inLanguage\":\"en-US\"},{\"@type\":\"Person\",\"@id\":\"https:\\\/\\\/kosovatimes.info\\\/#\\\/schema\\\/person\\\/7586712b9c512fe68085de007378c915\",\"name\":\"i l\",\"image\":{\"@type\":\"ImageObject\",\"inLanguage\":\"en-US\",\"@id\":\"https:\\\/\\\/secure.gravatar.com\\\/avatar\\\/bad9296e02816160ae2e2435beda58222022298d5625d49fea74d18816fbb31d?s=96&d=mm&r=g\",\"url\":\"https:\\\/\\\/secure.gravatar.com\\\/avatar\\\/bad9296e02816160ae2e2435beda58222022298d5625d49fea74d18816fbb31d?s=96&d=mm&r=g\",\"contentUrl\":\"https:\\\/\\\/secure.gravatar.com\\\/avatar\\\/bad9296e02816160ae2e2435beda58222022298d5625d49fea74d18816fbb31d?s=96&d=mm&r=g\",\"caption\":\"i l\"},\"url\":\"https:\\\/\\\/kosovatimes.info\\\/index.php\\\/author\\\/iliri\\\/\"}]}<\/script>\n<!-- \/ Yoast SEO plugin. -->","yoast_head_json":{"title":"Sp\u00ebrkatje n\u00eb klubin e nat\u00ebs n\u00eb Gjermani, pes\u00eb t\u00eb plagosur. Arrestohet nj\u00eb 18-vje\u00e7ar - Kosova Times","robots":{"index":"index","follow":"follow","max-snippet":"max-snippet:-1","max-image-preview":"max-image-preview:large","max-video-preview":"max-video-preview:-1"},"canonical":"https:\/\/kosovatimes.info\/index.php\/2026\/09\/06\/sperkatje-ne-klubin-e-nates-ne-gjermani-pese-te-plagosur-arrestohet-nje-18-vjecar\/","og_locale":"en_US","og_type":"article","og_title":"Sp\u00ebrkatje n\u00eb klubin e nat\u00ebs n\u00eb Gjermani, pes\u00eb t\u00eb plagosur. Arrestohet nj\u00eb 18-vje\u00e7ar - Kosova Times","og_description":"Pes\u00eb persona u plagos\u00ebn t\u00eb diel\u00ebn pasi nj\u00eb substanc\u00eb e panjohur u sp\u00ebrkat n\u00eb nj\u00eb klub nate n\u00eb shtetin verior gjerman t\u00eb Saksonis\u00eb s\u00eb Poshtme. Policia njoftoi se nj\u00eb operacion n\u00eb shkall\u00eb t\u00eb gjer\u00eb \u00ebsht\u00eb duke u zhvilluar n\u00eb nj\u00eb klub nate n\u00eb Lintig. Simptoma tek vizitor\u00ebt e klubit, arrestohet 18-vje\u00e7ari Nj\u00eb substanc\u00eb e panjohur [&hellip;]","og_url":"https:\/\/kosovatimes.info\/index.php\/2026\/09\/06\/sperkatje-ne-klubin-e-nates-ne-gjermani-pese-te-plagosur-arrestohet-nje-18-vjecar\/","og_site_name":"Kosova Times","article_published_time":"2026-09-06T08:37:05+00:00","article_modified_time":"2026-09-06T08:37:06+00:00","og_image":[{"width":765,"height":510,"url":"https:\/\/kosovatimes.info\/wp-content\/uploads\/2026\/09\/polizei.jpg","type":"image\/jpeg"}],"author":"i l","twitter_card":"summary_large_image","twitter_misc":{"Written by":"i l","Est. reading time":"1 minute"},"schema":{"@context":"https:\/\/schema.org","@graph":[{"@type":"Article","@id":"https:\/\/kosovatimes.info\/index.php\/2026\/09\/06\/sperkatje-ne-klubin-e-nates-ne-gjermani-pese-te-plagosur-arrestohet-nje-18-vjecar\/#article","isPartOf":{"@id":"https:\/\/kosovatimes.info\/index.php\/2026\/09\/06\/sperkatje-ne-klubin-e-nates-ne-gjermani-pese-te-plagosur-arrestohet-nje-18-vjecar\/"},"author":{"name":"i l","@id":"https:\/\/kosovatimes.info\/#\/schema\/person\/7586712b9c512fe68085de007378c915"},"headline":"Sp\u00ebrkatje n\u00eb klubin e nat\u00ebs n\u00eb Gjermani, pes\u00eb t\u00eb plagosur. Arrestohet nj\u00eb 18-vje\u00e7ar","datePublished":"2026-09-06T08:37:05+00:00","dateModified":"2026-09-06T08:37:06+00:00","mainEntityOfPage":{"@id":"https:\/\/kosovatimes.info\/index.php\/2026\/09\/06\/sperkatje-ne-klubin-e-nates-ne-gjermani-pese-te-plagosur-arrestohet-nje-18-vjecar\/"},"wordCount":140,"commentCount":0,"image":{"@id":"https:\/\/kosovatimes.info\/index.php\/2026\/09\/06\/sperkatje-ne-klubin-e-nates-ne-gjermani-pese-te-plagosur-arrestohet-nje-18-vjecar\/#primaryimage"},"thumbnailUrl":"https:\/\/kosovatimes.info\/wp-content\/uploads\/2026\/09\/polizei.jpg","articleSection":["Bot\u00eb","Lajme"],"inLanguage":"en-US","potentialAction":[{"@type":"CommentAction","name":"Comment","target":["https:\/\/kosovatimes.info\/index.php\/2026\/09\/06\/sperkatje-ne-klubin-e-nates-ne-gjermani-pese-te-plagosur-arrestohet-nje-18-vjecar\/#respond"]}]},{"@type":"WebPage","@id":"https:\/\/kosovatimes.info\/index.php\/2026\/09\/06\/sperkatje-ne-klubin-e-nates-ne-gjermani-pese-te-plagosur-arrestohet-nje-18-vjecar\/","url":"https:\/\/kosovatimes.info\/index.php\/2026\/09\/06\/sperkatje-ne-klubin-e-nates-ne-gjermani-pese-te-plagosur-arrestohet-nje-18-vjecar\/","name":"Sp\u00ebrkatje n\u00eb klubin e nat\u00ebs n\u00eb Gjermani, pes\u00eb t\u00eb plagosur. Arrestohet nj\u00eb 18-vje\u00e7ar - Kosova Times","isPartOf":{"@id":"https:\/\/kosovatimes.info\/#website"},"primaryImageOfPage":{"@id":"https:\/\/kosovatimes.info\/index.php\/2026\/09\/06\/sperkatje-ne-klubin-e-nates-ne-gjermani-pese-te-plagosur-arrestohet-nje-18-vjecar\/#primaryimage"},"image":{"@id":"https:\/\/kosovatimes.info\/index.php\/2026\/09\/06\/sperkatje-ne-klubin-e-nates-ne-gjermani-pese-te-plagosur-arrestohet-nje-18-vjecar\/#primaryimage"},"thumbnailUrl":"https:\/\/kosovatimes.info\/wp-content\/uploads\/2026\/09\/polizei.jpg","datePublished":"2026-09-06T08:37:05+00:00","dateModified":"2026-09-06T08:37:06+00:00","author":{"@id":"https:\/\/kosovatimes.info\/#\/schema\/person\/7586712b9c512fe68085de007378c915"},"breadcrumb":{"@id":"https:\/\/kosovatimes.info\/index.php\/2026\/09\/06\/sperkatje-ne-klubin-e-nates-ne-gjermani-pese-te-plagosur-arrestohet-nje-18-vjecar\/#breadcrumb"},"inLanguage":"en-US","potentialAction":[{"@type":"ReadAction","target":["https:\/\/kosovatimes.info\/index.php\/2026\/09\/06\/sperkatje-ne-klubin-e-nates-ne-gjermani-pese-te-plagosur-arrestohet-nje-18-vjecar\/"]}]},{"@type":"ImageObject","inLanguage":"en-US","@id":"https:\/\/kosovatimes.info\/index.php\/2026\/09\/06\/sperkatje-ne-klubin-e-nates-ne-gjermani-pese-te-plagosur-arrestohet-nje-18-vjecar\/#primaryimage","url":"https:\/\/kosovatimes.info\/wp-content\/uploads\/2026\/09\/polizei.jpg","contentUrl":"https:\/\/kosovatimes.info\/wp-content\/uploads\/2026\/09\/polizei.jpg","width":765,"height":510},{"@type":"BreadcrumbList","@id":"https:\/\/kosovatimes.info\/index.php\/2026\/09\/06\/sperkatje-ne-klubin-e-nates-ne-gjermani-pese-te-plagosur-arrestohet-nje-18-vjecar\/#breadcrumb","itemListElement":[{"@type":"ListItem","position":1,"name":"Home","item":"https:\/\/kosovatimes.info\/"},{"@type":"ListItem","position":2,"name":"Sp\u00ebrkatje n\u00eb klubin e nat\u00ebs n\u00eb Gjermani, pes\u00eb t\u00eb plagosur. Arrestohet nj\u00eb 18-vje\u00e7ar"}]},{"@type":"WebSite","@id":"https:\/\/kosovatimes.info\/#website","url":"https:\/\/kosovatimes.info\/","name":"Kosova Times","description":"","potentialAction":[{"@type":"SearchAction","target":{"@type":"EntryPoint","urlTemplate":"https:\/\/kosovatimes.info\/?s={search_term_string}"},"query-input":{"@type":"PropertyValueSpecification","valueRequired":true,"valueName":"search_term_string"}}],"inLanguage":"en-US"},{"@type":"Person","@id":"https:\/\/kosovatimes.info\/#\/schema\/person\/7586712b9c512fe68085de007378c915","name":"i l","image":{"@type":"ImageObject","inLanguage":"en-US","@id":"https:\/\/secure.gravatar.com\/avatar\/bad9296e02816160ae2e2435beda58222022298d5625d49fea74d18816fbb31d?s=96&d=mm&r=g","url":"https:\/\/secure.gravatar.com\/avatar\/bad9296e02816160ae2e2435beda58222022298d5625d49fea74d18816fbb31d?s=96&d=mm&r=g","contentUrl":"https:\/\/secure.gravatar.com\/avatar\/bad9296e02816160ae2e2435beda58222022298d5625d49fea74d18816fbb31d?s=96&d=mm&r=g","caption":"i l"},"url":"https:\/\/kosovatimes.info\/index.php\/author\/iliri\/"}]}},"_links":{"self":[{"href":"https:\/\/kosovatimes.info\/index.php\/wp-json\/wp\/v2\/posts\/31119","targetHints":{"allow":["GET"]}}],"collection":[{"href":"https:\/\/kosovatimes.info\/index.php\/wp-json\/wp\/v2\/posts"}],"about":[{"href":"https:\/\/kosovatimes.info\/index.php\/wp-json\/wp\/v2\/types\/post"}],"author":[{"embeddable":true,"href":"https:\/\/kosovatimes.info\/index.php\/wp-json\/wp\/v2\/users\/4"}],"replies":[{"embeddable":true,"href":"https:\/\/kosovatimes.info\/index.php\/wp-json\/wp\/v2\/comments?post=31119"}],"version-history":[{"count":1,"href":"https:\/\/kosovatimes.info\/index.php\/wp-json\/wp\/v2\/posts\/31119\/revisions"}],"predecessor-version":[{"id":31121,"href":"https:\/\/kosovatimes.info\/index.php\/wp-json\/wp\/v2\/posts\/31119\/revisions\/31121"}],"wp:featuredmedia":[{"embeddable":true,"href":"https:\/\/kosovatimes.info\/index.php\/wp-json\/wp\/v2\/media\/31120"}],"wp:attachment":[{"href":"https:\/\/kosovatimes.info\/index.php\/wp-json\/wp\/v2\/media?parent=31119"}],"wp:term":[{"taxonomy":"category","embeddable":true,"href":"https:\/\/kosovatimes.info\/index.php\/wp-json\/wp\/v2\/categories?post=31119"},{"taxonomy":"post_tag","embeddable":true,"href":"https:\/\/kosovatimes.info\/index.php\/wp-json\/wp\/v2\/tags?post=31119"}],"curies":[{"name":"wp","href":"https:\/\/api.w.org\/{rel}","templated":true}]}}