{"id":31122,"date":"2026-09-06T09:09:00","date_gmt":"2026-09-06T07:09:00","guid":{"rendered":"https:\/\/kosovatimes.info\/?p=31122"},"modified":"2026-09-06T10:44:23","modified_gmt":"2026-09-06T08:44:23","slug":"binjakeve-ne-iran-iu-hoqen-floket-dhe-iu-thyen-kockat-per-shkak-te-protestes-njera-u-denua-me-vdekje","status":"publish","type":"post","link":"https:\/\/kosovatimes.info\/index.php\/2026\/09\/06\/binjakeve-ne-iran-iu-hoqen-floket-dhe-iu-thyen-kockat-per-shkak-te-protestes-njera-u-denua-me-vdekje\/","title":{"rendered":"Binjak\u00ebve n\u00eb Iran iu hoq\u00ebn flok\u00ebt dhe iu thyen kockat p\u00ebr shkak t\u00eb protest\u00ebs. Nj\u00ebra u d\u00ebnua me vdekje"},"content":{"rendered":"\n<p class=\"wp-block-paragraph\">Burra t\u00eb maskuar, t\u00eb identifikuar m\u00eb von\u00eb si an\u00ebtar\u00eb t\u00eb Trupave t\u00eb Gard\u00ebs Revolucionare Islamike, i nxor\u00ebn zvarr\u00eb motrat binjake 19-vje\u00e7are Taraneh dhe Romina Rahimi nga shtret\u00ebrit e tyre n\u00eb mes t\u00eb nat\u00ebs. Nx\u00ebn\u00ebset e shkoll\u00ebs s\u00eb mesme u arrestuan p\u00ebr pjes\u00ebmarrje n\u00eb protesta kund\u00ebr regjimit n\u00eb janar, pas s\u00eb cil\u00ebs n\u00ebna e tyre Marzieh Nourmohammadi kaloi kat\u00ebr muaj duke i k\u00ebrkuar ato n\u00eb spitale dhe institucione qeveritare, raporton&nbsp;<a href=\"https:\/\/www.theguardian.com\/world\/2026\/sep\/06\/taraneh-romina-rahimi-twin-sisters-jailed-over-iran-protests\">The Guardian<\/a>&nbsp;.<\/p>\n\n\n\n<blockquote class=\"instagram-media\" data-instgrm-captioned data-instgrm-permalink=\"https:\/\/www.instagram.com\/reel\/DbJm6epFP8S\/?utm_source=ig_embed&amp;utm_campaign=loading\" data-instgrm-version=\"14\" style=\" background:#FFF; border:0; border-radius:3px; box-shadow:0 0 1px 0 rgba(0,0,0,0.5),0 1px 10px 0 rgba(0,0,0,0.15); margin: 1px; max-width:540px; min-width:326px; padding:0; width:99.375%; width:-webkit-calc(100% - 2px); width:calc(100% - 2px);\"><div style=\"padding:16px;\"> <a href=\"https:\/\/www.instagram.com\/reel\/DbJm6epFP8S\/?utm_source=ig_embed&amp;utm_campaign=loading\" style=\" background:#FFFFFF; line-height:0; padding:0 0; text-align:center; text-decoration:none; width:100%;\" target=\"_blank\"> <div style=\" display: flex; flex-direction: row; align-items: center;\"> <div style=\"background-color: #F4F4F4; border-radius: 50%; flex-grow: 0; height: 40px; margin-right: 14px; width: 40px;\"><\/div> <div style=\"display: flex; flex-direction: column; flex-grow: 1; justify-content: center;\"> <div style=\" background-color: #F4F4F4; border-radius: 4px; flex-grow: 0; height: 14px; margin-bottom: 6px; width: 100px;\"><\/div> <div style=\" background-color: #F4F4F4; border-radius: 4px; flex-grow: 0; height: 14px; width: 60px;\"><\/div><\/div><\/div><div style=\"padding: 19% 0;\"><\/div> <div style=\"display:block; height:50px; margin:0 auto 12px; width:50px;\"><svg width=\"50px\" height=\"50px\" viewBox=\"0 0 60 60\" version=\"1.1\" xmlns=\"https:\/\/www.w3.org\/2000\/svg\" xmlns:xlink=\"https:\/\/www.w3.org\/1999\/xlink\"><g stroke=\"none\" stroke-width=\"1\" fill=\"none\" fill-rule=\"evenodd\"><g transform=\"translate(-511.000000, -20.000000)\" fill=\"#000000\"><g><path d=\"M556.869,30.41 C554.814,30.41 553.148,32.076 553.148,34.131 C553.148,36.186 554.814,37.852 556.869,37.852 C558.924,37.852 560.59,36.186 560.59,34.131 C560.59,32.076 558.924,30.41 556.869,30.41 M541,60.657 C535.114,60.657 530.342,55.887 530.342,50 C530.342,44.114 535.114,39.342 541,39.342 C546.887,39.342 551.658,44.114 551.658,50 C551.658,55.887 546.887,60.657 541,60.657 M541,33.886 C532.1,33.886 524.886,41.1 524.886,50 C524.886,58.899 532.1,66.113 541,66.113 C549.9,66.113 557.115,58.899 557.115,50 C557.115,41.1 549.9,33.886 541,33.886 M565.378,62.101 C565.244,65.022 564.756,66.606 564.346,67.663 C563.803,69.06 563.154,70.057 562.106,71.106 C561.058,72.155 560.06,72.803 558.662,73.347 C557.607,73.757 556.021,74.244 553.102,74.378 C549.944,74.521 548.997,74.552 541,74.552 C533.003,74.552 532.056,74.521 528.898,74.378 C525.979,74.244 524.393,73.757 523.338,73.347 C521.94,72.803 520.942,72.155 519.894,71.106 C518.846,70.057 518.197,69.06 517.654,67.663 C517.244,66.606 516.755,65.022 516.623,62.101 C516.479,58.943 516.448,57.996 516.448,50 C516.448,42.003 516.479,41.056 516.623,37.899 C516.755,34.978 517.244,33.391 517.654,32.338 C518.197,30.938 518.846,29.942 519.894,28.894 C520.942,27.846 521.94,27.196 523.338,26.654 C524.393,26.244 525.979,25.756 528.898,25.623 C532.057,25.479 533.004,25.448 541,25.448 C548.997,25.448 549.943,25.479 553.102,25.623 C556.021,25.756 557.607,26.244 558.662,26.654 C560.06,27.196 561.058,27.846 562.106,28.894 C563.154,29.942 563.803,30.938 564.346,32.338 C564.756,33.391 565.244,34.978 565.378,37.899 C565.522,41.056 565.552,42.003 565.552,50 C565.552,57.996 565.522,58.943 565.378,62.101 M570.82,37.631 C570.674,34.438 570.167,32.258 569.425,30.349 C568.659,28.377 567.633,26.702 565.965,25.035 C564.297,23.368 562.623,22.342 560.652,21.575 C558.743,20.834 556.562,20.326 553.369,20.18 C550.169,20.033 549.148,20 541,20 C532.853,20 531.831,20.033 528.631,20.18 C525.438,20.326 523.257,20.834 521.349,21.575 C519.376,22.342 517.703,23.368 516.035,25.035 C514.368,26.702 513.342,28.377 512.574,30.349 C511.834,32.258 511.326,34.438 511.181,37.631 C511.035,40.831 511,41.851 511,50 C511,58.147 511.035,59.17 511.181,62.369 C511.326,65.562 511.834,67.743 512.574,69.651 C513.342,71.625 514.368,73.296 516.035,74.965 C517.703,76.634 519.376,77.658 521.349,78.425 C523.257,79.167 525.438,79.673 528.631,79.82 C531.831,79.965 532.853,80.001 541,80.001 C549.148,80.001 550.169,79.965 553.369,79.82 C556.562,79.673 558.743,79.167 560.652,78.425 C562.623,77.658 564.297,76.634 565.965,74.965 C567.633,73.296 568.659,71.625 569.425,69.651 C570.167,67.743 570.674,65.562 570.82,62.369 C570.966,59.17 571,58.147 571,50 C571,41.851 570.966,40.831 570.82,37.631\"><\/path><\/g><\/g><\/g><\/svg><\/div><div style=\"padding-top: 8px;\"> <div style=\" color:#3897f0; font-family:Arial,sans-serif; font-size:14px; font-style:normal; font-weight:550; line-height:18px;\">View this post on Instagram<\/div><\/div><div style=\"padding: 12.5% 0;\"><\/div> <div style=\"display: flex; flex-direction: row; margin-bottom: 14px; align-items: center;\"><div> <div style=\"background-color: #F4F4F4; border-radius: 50%; height: 12.5px; width: 12.5px; transform: translateX(0px) translateY(7px);\"><\/div> <div style=\"background-color: #F4F4F4; height: 12.5px; transform: rotate(-45deg) translateX(3px) translateY(1px); width: 12.5px; flex-grow: 0; margin-right: 14px; margin-left: 2px;\"><\/div> <div style=\"background-color: #F4F4F4; border-radius: 50%; height: 12.5px; width: 12.5px; transform: translateX(9px) translateY(-18px);\"><\/div><\/div><div style=\"margin-left: 8px;\"> <div style=\" background-color: #F4F4F4; border-radius: 50%; flex-grow: 0; height: 20px; width: 20px;\"><\/div> <div style=\" width: 0; height: 0; border-top: 2px solid transparent; border-left: 6px solid #f4f4f4; border-bottom: 2px solid transparent; transform: translateX(16px) translateY(-4px) rotate(30deg)\"><\/div><\/div><div style=\"margin-left: auto;\"> <div style=\" width: 0px; border-top: 8px solid #F4F4F4; border-right: 8px solid transparent; transform: translateY(16px);\"><\/div> <div style=\" background-color: #F4F4F4; flex-grow: 0; height: 12px; width: 16px; transform: translateY(-4px);\"><\/div> <div style=\" width: 0; height: 0; border-top: 8px solid #F4F4F4; border-left: 8px solid transparent; transform: translateY(-4px) translateX(8px);\"><\/div><\/div><\/div> <div style=\"display: flex; flex-direction: column; flex-grow: 1; justify-content: center; margin-bottom: 24px;\"> <div style=\" background-color: #F4F4F4; border-radius: 4px; flex-grow: 0; height: 14px; margin-bottom: 6px; width: 224px;\"><\/div> <div style=\" background-color: #F4F4F4; border-radius: 4px; flex-grow: 0; height: 14px; width: 144px;\"><\/div><\/div><\/a><p style=\" color:#c9c8cd; font-family:Arial,sans-serif; font-size:14px; line-height:17px; margin-bottom:0; margin-top:8px; overflow:hidden; padding:8px 0 7px; text-align:center; text-overflow:ellipsis; white-space:nowrap;\"><a href=\"https:\/\/www.instagram.com\/reel\/DbJm6epFP8S\/?utm_source=ig_embed&amp;utm_campaign=loading\" style=\" color:#c9c8cd; font-family:Arial,sans-serif; font-size:14px; font-style:normal; font-weight:normal; line-height:17px; text-decoration:none;\" target=\"_blank\">A post shared by International Liberty Association (@intl.liberty.association)<\/a><\/p><\/div><\/blockquote>\n<script async src=\"\/\/www.instagram.com\/embed.js\"><\/script>\n\n\n\n<p class=\"wp-block-paragraph\">Kur n\u00ebna e tyre m\u00eb n\u00eb fund i vizitoi n\u00eb maj n\u00eb burgun Dowlatabad n\u00eb Isfahan, vajzat ishin t\u00eb panjohshme. Kush\u00ebriri i tyre Masoud Nourmohammadi, i cili jeton n\u00eb Shtetet e Bashkuara, tha se fytyrat e tyre ishin t\u00eb mavijosura dhe flok\u00ebt e tyre t\u00eb shkulura nga zvarritja n\u00ebp\u00ebr dysheme. Taraneh u k\u00ebrc\u00ebnua nga rojet t\u00eb cil\u00ebt do ta p\u00ebrdhunonin motr\u00ebn e saj para syve t\u00eb saj n\u00ebse ajo nuk do t\u00eb n\u00ebnshkruante nj\u00eb rr\u00ebfim.<\/p>\n\n\n\n<p class=\"wp-block-paragraph\">Gjykatat iraniane kan\u00eb shpallur q\u00eb at\u00ebher\u00eb vendimet. Taraneh u d\u00ebnua me vdekje p\u00ebr pjes\u00ebmarrje n\u00eb protesta, dhe Romina u d\u00ebnua me 25 vjet burg. Familja nuk i ka par\u00eb ata q\u00eb at\u00ebher\u00eb. Arsyeja p\u00ebr d\u00ebnimet e ndryshme \u00ebsht\u00eb e paqart\u00eb, dhe nj\u00eb i af\u00ebrm i binjakeve thot\u00eb se e ka t\u00eb v\u00ebshtir\u00eb t\u00eb kuptoj\u00eb ndonj\u00eb veprim nga regjimi.<\/p>\n\n\n\n<h3 class=\"wp-block-heading\">Irani ka ekzekutuar m\u00eb shum\u00eb se 500 persona k\u00ebt\u00eb vit<\/h3>\n\n\n\n<p class=\"wp-block-paragraph\">&#8220;Ata as nuk i respektojn\u00eb ligjet e tyre. Ka nj\u00eb afat prej 18 dit\u00ebsh q\u00eb avokat\u00ebt t\u00eb apelojn\u00eb, por n\u00eb shum\u00eb raste t\u00eb fundit t\u00eb ekzekutimeve kjo nuk ka ndodhur. Ata thjesht japin nj\u00eb d\u00ebnim, marrin f\u00ebmij\u00ebt dhe i varin. Asnj\u00eb nga k\u00ebto nuk ka kuptim&#8221;, tha Nourmohammadi.<\/p>\n\n\n\n<p class=\"wp-block-paragraph\">Ai beson se Taraneh u d\u00ebnua me vdekje me varje pik\u00ebrisht sepse \u00ebsht\u00eb qart\u00ebsisht e pafajshme. &#8220;Thjesht duhet ta shikosh n\u00eb sy p\u00ebr t\u00eb par\u00eb menj\u00ebher\u00eb sa person i mir\u00eb \u00ebsht\u00eb. Mendoj se duan t&#8217;i trembin njer\u00ebzit me mesazhin: D\u00ebgjo, pavar\u00ebsisht sa i mir\u00eb dhe i pafajsh\u00ebm je, ne mund t\u00eb t\u00eb kapim, k\u00ebshtu q\u00eb mos dil m\u00eb n\u00eb rrug\u00eb&#8221;, tha ai.<\/p>\n\n\n\n<p class=\"wp-block-paragraph\">Pavar\u00ebsisht v\u00ebshtir\u00ebsive logjistike q\u00eb rrjedhin nga lufta me Shtetet e Bashkuara dhe Izraelin q\u00eb filloi n\u00eb shkurt, Irani ka ekzekutuar m\u00eb shum\u00eb se 500 persona k\u00ebt\u00eb vit. Midis tyre jan\u00eb t\u00eb pakt\u00ebn 29 persona t\u00eb lidhur me protestat antiqeveritare n\u00eb janar. T\u00eb pakt\u00ebn 16 gra jan\u00eb ekzekutuar gjithashtu.<\/p>\n\n\n\n<h3 class=\"wp-block-heading\">Familja nuk e dinte se ku ishin. Ata po i k\u00ebrkonin kudo.&#8221;<\/h3>\n\n\n\n<p class=\"wp-block-paragraph\">Qindra protestues t\u00eb tjer\u00eb jan\u00eb d\u00ebnuar me vdekje ose presin aktakuza q\u00eb mbartin d\u00ebnimin me vdekje, p\u00ebrfshir\u00eb m\u00eb shum\u00eb se 70 n\u00eb Isfahan. Muajin e kaluar, Britania dhe 30 vende t\u00eb tjera l\u00ebshuan nj\u00eb deklarat\u00eb t\u00eb p\u00ebrbashk\u00ebt duke d\u00ebnuar ekzekutimet e protestuesve, duke i quajtur ato nj\u00eb p\u00ebrpjekje p\u00ebr t\u00eb shtypur rezistenc\u00ebn.<\/p>\n\n\n\n<p class=\"wp-block-paragraph\">Nourmohammadi, nj\u00eb specialist i IT-s\u00eb n\u00eb kujdesin sh\u00ebndet\u00ebsor, i cili u zhvendos n\u00eb SHBA nga Irani 22 vjet m\u00eb par\u00eb, ka vendosur t\u00eb dal\u00eb publikisht pavar\u00ebsisht k\u00ebrc\u00ebnimeve me vdekje q\u00eb ka marr\u00eb n\u00ebp\u00ebrmjet mesazheve dhe rrjeteve sociale. D\u00ebrguesit pretendojn\u00eb se e din\u00eb adres\u00ebn e tij t\u00eb sht\u00ebpis\u00eb, por ai thot\u00eb se rasti i kush\u00ebririt t\u00eb tij duhet ta forcoj\u00eb vendosm\u00ebrin\u00eb e tij p\u00ebr t&#8217;i dh\u00ebn\u00eb fund regjimit islamik.<\/p>\n\n\n\n<p class=\"wp-block-paragraph\">Motrat, tani 20 vje\u00e7, iu bashkuan protestave m\u00eb 8 dhe 9 janar n\u00eb Isfahan. Nj\u00eb muaj m\u00eb von\u00eb, ato u arrestuan pa shpjegime, me qese mbi kokat e tyre. &#8220;Familja nuk e dinte se ku ishin. I k\u00ebrkonin kudo, n\u00eb gjykata, n\u00eb spitale.<\/p>\n\n\n\n<h3 class=\"wp-block-heading\">&#8220;Nuk kalon asnj\u00eb sekond\u00eb pa e par\u00eb n\u00ebn\u00ebn time duke qar\u00eb&#8221;<\/h3>\n\n\n\n<p class=\"wp-block-paragraph\">&#8220;Pastaj tezja ime mori nj\u00eb telefonat\u00eb: Vajzat jan\u00eb me ne, ejani n\u00eb burg t&#8217;i shihni&#8221;, tha ai. Takimi ishte nj\u00eb tronditje p\u00ebr n\u00ebn\u00ebn. Ajo nuk i njohu f\u00ebmij\u00ebt e saj: ata ishin rrahur, me fytyra t\u00eb fryra dhe trupa t\u00eb mavijosur, me b\u00ebrryla, ky\u00e7e dhe k\u00ebmb\u00eb t\u00eb thyera.<\/p>\n\n\n\n<p class=\"wp-block-paragraph\">Flok\u00ebt e tyre ishin shkulur pothuajse t\u00ebr\u00ebsisht. N\u00ebna m\u00eb pas zbuloi se ato ishin n\u00eb izolim. Marzieh Nourmohammadi nuk u lejua t\u00eb merrte pjes\u00eb n\u00eb gjyq. Avokat\u00ebt e motrave pretendojn\u00eb se Taraneh deklaroi n\u00eb gjykat\u00eb se t\u00eb gjitha rr\u00ebfimet ishin nxjerr\u00eb p\u00ebrmes tortur\u00ebs.<\/p>\n\n\n\n<p class=\"wp-block-paragraph\">Sipas informacionit n\u00eb dispozicion, nuk \u00ebsht\u00eb paraqitur asnj\u00eb prov\u00eb q\u00eb motrat kan\u00eb marr\u00eb pjes\u00eb n\u00eb dhun\u00eb. Ato nuk kishin qen\u00eb kurr\u00eb n\u00eb protesta para janarit. &#8220;N\u00ebna ime jeton me mua&#8221;, tha Nourmohammadi. &#8220;Nuk kalon asnj\u00eb sekond\u00eb q\u00eb t\u00eb mos e shoh duke qar\u00eb&#8221;, tha ai.<\/p>\n","protected":false},"excerpt":{"rendered":"<p>Burra t\u00eb maskuar, t\u00eb identifikuar m\u00eb von\u00eb si an\u00ebtar\u00eb t\u00eb Trupave t\u00eb Gard\u00ebs Revolucionare Islamike, i nxor\u00ebn zvarr\u00eb motrat binjake 19-vje\u00e7are Taraneh dhe Romina Rahimi nga shtret\u00ebrit e tyre n\u00eb mes t\u00eb nat\u00ebs. Nx\u00ebn\u00ebset e shkoll\u00ebs s\u00eb mesme u arrestuan p\u00ebr pjes\u00ebmarrje n\u00eb protesta kund\u00ebr regjimit n\u00eb janar, pas s\u00eb cil\u00ebs n\u00ebna e tyre Marzieh [&hellip;]<\/p>\n","protected":false},"author":4,"featured_media":31123,"comment_status":"open","ping_status":"open","sticky":false,"template":"","format":"standard","meta":{"footnotes":""},"categories":[33,30],"tags":[],"class_list":["post-31122","post","type-post","status-publish","format-standard","has-post-thumbnail","category-bote","category-lajme"],"yoast_head":"<!-- This site is optimized with the Yoast SEO plugin v27.4 - https:\/\/yoast.com\/product\/yoast-seo-wordpress\/ -->\n<title>Binjak\u00ebve n\u00eb Iran iu hoq\u00ebn flok\u00ebt dhe iu thyen kockat p\u00ebr shkak t\u00eb protest\u00ebs. Nj\u00ebra u d\u00ebnua me vdekje - Kosova Times<\/title>\n<meta name=\"robots\" content=\"index, follow, max-snippet:-1, max-image-preview:large, max-video-preview:-1\" \/>\n<link rel=\"canonical\" href=\"https:\/\/kosovatimes.info\/index.php\/2026\/09\/06\/binjakeve-ne-iran-iu-hoqen-floket-dhe-iu-thyen-kockat-per-shkak-te-protestes-njera-u-denua-me-vdekje\/\" \/>\n<meta property=\"og:locale\" content=\"en_US\" \/>\n<meta property=\"og:type\" content=\"article\" \/>\n<meta property=\"og:title\" content=\"Binjak\u00ebve n\u00eb Iran iu hoq\u00ebn flok\u00ebt dhe iu thyen kockat p\u00ebr shkak t\u00eb protest\u00ebs. Nj\u00ebra u d\u00ebnua me vdekje - Kosova Times\" \/>\n<meta property=\"og:description\" content=\"Burra t\u00eb maskuar, t\u00eb identifikuar m\u00eb von\u00eb si an\u00ebtar\u00eb t\u00eb Trupave t\u00eb Gard\u00ebs Revolucionare Islamike, i nxor\u00ebn zvarr\u00eb motrat binjake 19-vje\u00e7are Taraneh dhe Romina Rahimi nga shtret\u00ebrit e tyre n\u00eb mes t\u00eb nat\u00ebs. Nx\u00ebn\u00ebset e shkoll\u00ebs s\u00eb mesme u arrestuan p\u00ebr pjes\u00ebmarrje n\u00eb protesta kund\u00ebr regjimit n\u00eb janar, pas s\u00eb cil\u00ebs n\u00ebna e tyre Marzieh [&hellip;]\" \/>\n<meta property=\"og:url\" content=\"https:\/\/kosovatimes.info\/index.php\/2026\/09\/06\/binjakeve-ne-iran-iu-hoqen-floket-dhe-iu-thyen-kockat-per-shkak-te-protestes-njera-u-denua-me-vdekje\/\" \/>\n<meta property=\"og:site_name\" content=\"Kosova Times\" \/>\n<meta property=\"article:published_time\" content=\"2026-09-06T07:09:00+00:00\" \/>\n<meta property=\"article:modified_time\" content=\"2026-09-06T08:44:23+00:00\" \/>\n<meta property=\"og:image\" content=\"https:\/\/kosovatimes.info\/wp-content\/uploads\/2026\/09\/binjaket.jpg\" \/>\n\t<meta property=\"og:image:width\" content=\"765\" \/>\n\t<meta property=\"og:image:height\" content=\"430\" \/>\n\t<meta property=\"og:image:type\" content=\"image\/jpeg\" \/>\n<meta name=\"author\" content=\"i l\" \/>\n<meta name=\"twitter:card\" content=\"summary_large_image\" \/>\n<meta name=\"twitter:label1\" content=\"Written by\" \/>\n\t<meta name=\"twitter:data1\" content=\"i l\" \/>\n\t<meta name=\"twitter:label2\" content=\"Est. reading time\" \/>\n\t<meta name=\"twitter:data2\" content=\"4 minutes\" \/>\n<script type=\"application\/ld+json\" class=\"yoast-schema-graph\">{\"@context\":\"https:\\\/\\\/schema.org\",\"@graph\":[{\"@type\":\"Article\",\"@id\":\"https:\\\/\\\/kosovatimes.info\\\/index.php\\\/2026\\\/09\\\/06\\\/binjakeve-ne-iran-iu-hoqen-floket-dhe-iu-thyen-kockat-per-shkak-te-protestes-njera-u-denua-me-vdekje\\\/#article\",\"isPartOf\":{\"@id\":\"https:\\\/\\\/kosovatimes.info\\\/index.php\\\/2026\\\/09\\\/06\\\/binjakeve-ne-iran-iu-hoqen-floket-dhe-iu-thyen-kockat-per-shkak-te-protestes-njera-u-denua-me-vdekje\\\/\"},\"author\":{\"name\":\"i l\",\"@id\":\"https:\\\/\\\/kosovatimes.info\\\/#\\\/schema\\\/person\\\/7586712b9c512fe68085de007378c915\"},\"headline\":\"Binjak\u00ebve n\u00eb Iran iu hoq\u00ebn flok\u00ebt dhe iu thyen kockat p\u00ebr shkak t\u00eb protest\u00ebs. Nj\u00ebra u d\u00ebnua me vdekje\",\"datePublished\":\"2026-09-06T07:09:00+00:00\",\"dateModified\":\"2026-09-06T08:44:23+00:00\",\"mainEntityOfPage\":{\"@id\":\"https:\\\/\\\/kosovatimes.info\\\/index.php\\\/2026\\\/09\\\/06\\\/binjakeve-ne-iran-iu-hoqen-floket-dhe-iu-thyen-kockat-per-shkak-te-protestes-njera-u-denua-me-vdekje\\\/\"},\"wordCount\":835,\"commentCount\":0,\"image\":{\"@id\":\"https:\\\/\\\/kosovatimes.info\\\/index.php\\\/2026\\\/09\\\/06\\\/binjakeve-ne-iran-iu-hoqen-floket-dhe-iu-thyen-kockat-per-shkak-te-protestes-njera-u-denua-me-vdekje\\\/#primaryimage\"},\"thumbnailUrl\":\"https:\\\/\\\/kosovatimes.info\\\/wp-content\\\/uploads\\\/2026\\\/09\\\/binjaket.jpg\",\"articleSection\":[\"Bot\u00eb\",\"Lajme\"],\"inLanguage\":\"en-US\",\"potentialAction\":[{\"@type\":\"CommentAction\",\"name\":\"Comment\",\"target\":[\"https:\\\/\\\/kosovatimes.info\\\/index.php\\\/2026\\\/09\\\/06\\\/binjakeve-ne-iran-iu-hoqen-floket-dhe-iu-thyen-kockat-per-shkak-te-protestes-njera-u-denua-me-vdekje\\\/#respond\"]}]},{\"@type\":\"WebPage\",\"@id\":\"https:\\\/\\\/kosovatimes.info\\\/index.php\\\/2026\\\/09\\\/06\\\/binjakeve-ne-iran-iu-hoqen-floket-dhe-iu-thyen-kockat-per-shkak-te-protestes-njera-u-denua-me-vdekje\\\/\",\"url\":\"https:\\\/\\\/kosovatimes.info\\\/index.php\\\/2026\\\/09\\\/06\\\/binjakeve-ne-iran-iu-hoqen-floket-dhe-iu-thyen-kockat-per-shkak-te-protestes-njera-u-denua-me-vdekje\\\/\",\"name\":\"Binjak\u00ebve n\u00eb Iran iu hoq\u00ebn flok\u00ebt dhe iu thyen kockat p\u00ebr shkak t\u00eb protest\u00ebs. Nj\u00ebra u d\u00ebnua me vdekje - Kosova Times\",\"isPartOf\":{\"@id\":\"https:\\\/\\\/kosovatimes.info\\\/#website\"},\"primaryImageOfPage\":{\"@id\":\"https:\\\/\\\/kosovatimes.info\\\/index.php\\\/2026\\\/09\\\/06\\\/binjakeve-ne-iran-iu-hoqen-floket-dhe-iu-thyen-kockat-per-shkak-te-protestes-njera-u-denua-me-vdekje\\\/#primaryimage\"},\"image\":{\"@id\":\"https:\\\/\\\/kosovatimes.info\\\/index.php\\\/2026\\\/09\\\/06\\\/binjakeve-ne-iran-iu-hoqen-floket-dhe-iu-thyen-kockat-per-shkak-te-protestes-njera-u-denua-me-vdekje\\\/#primaryimage\"},\"thumbnailUrl\":\"https:\\\/\\\/kosovatimes.info\\\/wp-content\\\/uploads\\\/2026\\\/09\\\/binjaket.jpg\",\"datePublished\":\"2026-09-06T07:09:00+00:00\",\"dateModified\":\"2026-09-06T08:44:23+00:00\",\"author\":{\"@id\":\"https:\\\/\\\/kosovatimes.info\\\/#\\\/schema\\\/person\\\/7586712b9c512fe68085de007378c915\"},\"breadcrumb\":{\"@id\":\"https:\\\/\\\/kosovatimes.info\\\/index.php\\\/2026\\\/09\\\/06\\\/binjakeve-ne-iran-iu-hoqen-floket-dhe-iu-thyen-kockat-per-shkak-te-protestes-njera-u-denua-me-vdekje\\\/#breadcrumb\"},\"inLanguage\":\"en-US\",\"potentialAction\":[{\"@type\":\"ReadAction\",\"target\":[\"https:\\\/\\\/kosovatimes.info\\\/index.php\\\/2026\\\/09\\\/06\\\/binjakeve-ne-iran-iu-hoqen-floket-dhe-iu-thyen-kockat-per-shkak-te-protestes-njera-u-denua-me-vdekje\\\/\"]}]},{\"@type\":\"ImageObject\",\"inLanguage\":\"en-US\",\"@id\":\"https:\\\/\\\/kosovatimes.info\\\/index.php\\\/2026\\\/09\\\/06\\\/binjakeve-ne-iran-iu-hoqen-floket-dhe-iu-thyen-kockat-per-shkak-te-protestes-njera-u-denua-me-vdekje\\\/#primaryimage\",\"url\":\"https:\\\/\\\/kosovatimes.info\\\/wp-content\\\/uploads\\\/2026\\\/09\\\/binjaket.jpg\",\"contentUrl\":\"https:\\\/\\\/kosovatimes.info\\\/wp-content\\\/uploads\\\/2026\\\/09\\\/binjaket.jpg\",\"width\":765,\"height\":430},{\"@type\":\"BreadcrumbList\",\"@id\":\"https:\\\/\\\/kosovatimes.info\\\/index.php\\\/2026\\\/09\\\/06\\\/binjakeve-ne-iran-iu-hoqen-floket-dhe-iu-thyen-kockat-per-shkak-te-protestes-njera-u-denua-me-vdekje\\\/#breadcrumb\",\"itemListElement\":[{\"@type\":\"ListItem\",\"position\":1,\"name\":\"Home\",\"item\":\"https:\\\/\\\/kosovatimes.info\\\/\"},{\"@type\":\"ListItem\",\"position\":2,\"name\":\"Binjak\u00ebve n\u00eb Iran iu hoq\u00ebn flok\u00ebt dhe iu thyen kockat p\u00ebr shkak t\u00eb protest\u00ebs. Nj\u00ebra u d\u00ebnua me vdekje\"}]},{\"@type\":\"WebSite\",\"@id\":\"https:\\\/\\\/kosovatimes.info\\\/#website\",\"url\":\"https:\\\/\\\/kosovatimes.info\\\/\",\"name\":\"Kosova Times\",\"description\":\"\",\"potentialAction\":[{\"@type\":\"SearchAction\",\"target\":{\"@type\":\"EntryPoint\",\"urlTemplate\":\"https:\\\/\\\/kosovatimes.info\\\/?s={search_term_string}\"},\"query-input\":{\"@type\":\"PropertyValueSpecification\",\"valueRequired\":true,\"valueName\":\"search_term_string\"}}],\"inLanguage\":\"en-US\"},{\"@type\":\"Person\",\"@id\":\"https:\\\/\\\/kosovatimes.info\\\/#\\\/schema\\\/person\\\/7586712b9c512fe68085de007378c915\",\"name\":\"i l\",\"image\":{\"@type\":\"ImageObject\",\"inLanguage\":\"en-US\",\"@id\":\"https:\\\/\\\/secure.gravatar.com\\\/avatar\\\/bad9296e02816160ae2e2435beda58222022298d5625d49fea74d18816fbb31d?s=96&d=mm&r=g\",\"url\":\"https:\\\/\\\/secure.gravatar.com\\\/avatar\\\/bad9296e02816160ae2e2435beda58222022298d5625d49fea74d18816fbb31d?s=96&d=mm&r=g\",\"contentUrl\":\"https:\\\/\\\/secure.gravatar.com\\\/avatar\\\/bad9296e02816160ae2e2435beda58222022298d5625d49fea74d18816fbb31d?s=96&d=mm&r=g\",\"caption\":\"i l\"},\"url\":\"https:\\\/\\\/kosovatimes.info\\\/index.php\\\/author\\\/iliri\\\/\"}]}<\/script>\n<!-- \/ Yoast SEO plugin. -->","yoast_head_json":{"title":"Binjak\u00ebve n\u00eb Iran iu hoq\u00ebn flok\u00ebt dhe iu thyen kockat p\u00ebr shkak t\u00eb protest\u00ebs. Nj\u00ebra u d\u00ebnua me vdekje - Kosova Times","robots":{"index":"index","follow":"follow","max-snippet":"max-snippet:-1","max-image-preview":"max-image-preview:large","max-video-preview":"max-video-preview:-1"},"canonical":"https:\/\/kosovatimes.info\/index.php\/2026\/09\/06\/binjakeve-ne-iran-iu-hoqen-floket-dhe-iu-thyen-kockat-per-shkak-te-protestes-njera-u-denua-me-vdekje\/","og_locale":"en_US","og_type":"article","og_title":"Binjak\u00ebve n\u00eb Iran iu hoq\u00ebn flok\u00ebt dhe iu thyen kockat p\u00ebr shkak t\u00eb protest\u00ebs. Nj\u00ebra u d\u00ebnua me vdekje - Kosova Times","og_description":"Burra t\u00eb maskuar, t\u00eb identifikuar m\u00eb von\u00eb si an\u00ebtar\u00eb t\u00eb Trupave t\u00eb Gard\u00ebs Revolucionare Islamike, i nxor\u00ebn zvarr\u00eb motrat binjake 19-vje\u00e7are Taraneh dhe Romina Rahimi nga shtret\u00ebrit e tyre n\u00eb mes t\u00eb nat\u00ebs. Nx\u00ebn\u00ebset e shkoll\u00ebs s\u00eb mesme u arrestuan p\u00ebr pjes\u00ebmarrje n\u00eb protesta kund\u00ebr regjimit n\u00eb janar, pas s\u00eb cil\u00ebs n\u00ebna e tyre Marzieh [&hellip;]","og_url":"https:\/\/kosovatimes.info\/index.php\/2026\/09\/06\/binjakeve-ne-iran-iu-hoqen-floket-dhe-iu-thyen-kockat-per-shkak-te-protestes-njera-u-denua-me-vdekje\/","og_site_name":"Kosova Times","article_published_time":"2026-09-06T07:09:00+00:00","article_modified_time":"2026-09-06T08:44:23+00:00","og_image":[{"width":765,"height":430,"url":"https:\/\/kosovatimes.info\/wp-content\/uploads\/2026\/09\/binjaket.jpg","type":"image\/jpeg"}],"author":"i l","twitter_card":"summary_large_image","twitter_misc":{"Written by":"i l","Est. reading time":"4 minutes"},"schema":{"@context":"https:\/\/schema.org","@graph":[{"@type":"Article","@id":"https:\/\/kosovatimes.info\/index.php\/2026\/09\/06\/binjakeve-ne-iran-iu-hoqen-floket-dhe-iu-thyen-kockat-per-shkak-te-protestes-njera-u-denua-me-vdekje\/#article","isPartOf":{"@id":"https:\/\/kosovatimes.info\/index.php\/2026\/09\/06\/binjakeve-ne-iran-iu-hoqen-floket-dhe-iu-thyen-kockat-per-shkak-te-protestes-njera-u-denua-me-vdekje\/"},"author":{"name":"i l","@id":"https:\/\/kosovatimes.info\/#\/schema\/person\/7586712b9c512fe68085de007378c915"},"headline":"Binjak\u00ebve n\u00eb Iran iu hoq\u00ebn flok\u00ebt dhe iu thyen kockat p\u00ebr shkak t\u00eb protest\u00ebs. Nj\u00ebra u d\u00ebnua me vdekje","datePublished":"2026-09-06T07:09:00+00:00","dateModified":"2026-09-06T08:44:23+00:00","mainEntityOfPage":{"@id":"https:\/\/kosovatimes.info\/index.php\/2026\/09\/06\/binjakeve-ne-iran-iu-hoqen-floket-dhe-iu-thyen-kockat-per-shkak-te-protestes-njera-u-denua-me-vdekje\/"},"wordCount":835,"commentCount":0,"image":{"@id":"https:\/\/kosovatimes.info\/index.php\/2026\/09\/06\/binjakeve-ne-iran-iu-hoqen-floket-dhe-iu-thyen-kockat-per-shkak-te-protestes-njera-u-denua-me-vdekje\/#primaryimage"},"thumbnailUrl":"https:\/\/kosovatimes.info\/wp-content\/uploads\/2026\/09\/binjaket.jpg","articleSection":["Bot\u00eb","Lajme"],"inLanguage":"en-US","potentialAction":[{"@type":"CommentAction","name":"Comment","target":["https:\/\/kosovatimes.info\/index.php\/2026\/09\/06\/binjakeve-ne-iran-iu-hoqen-floket-dhe-iu-thyen-kockat-per-shkak-te-protestes-njera-u-denua-me-vdekje\/#respond"]}]},{"@type":"WebPage","@id":"https:\/\/kosovatimes.info\/index.php\/2026\/09\/06\/binjakeve-ne-iran-iu-hoqen-floket-dhe-iu-thyen-kockat-per-shkak-te-protestes-njera-u-denua-me-vdekje\/","url":"https:\/\/kosovatimes.info\/index.php\/2026\/09\/06\/binjakeve-ne-iran-iu-hoqen-floket-dhe-iu-thyen-kockat-per-shkak-te-protestes-njera-u-denua-me-vdekje\/","name":"Binjak\u00ebve n\u00eb Iran iu hoq\u00ebn flok\u00ebt dhe iu thyen kockat p\u00ebr shkak t\u00eb protest\u00ebs. Nj\u00ebra u d\u00ebnua me vdekje - Kosova Times","isPartOf":{"@id":"https:\/\/kosovatimes.info\/#website"},"primaryImageOfPage":{"@id":"https:\/\/kosovatimes.info\/index.php\/2026\/09\/06\/binjakeve-ne-iran-iu-hoqen-floket-dhe-iu-thyen-kockat-per-shkak-te-protestes-njera-u-denua-me-vdekje\/#primaryimage"},"image":{"@id":"https:\/\/kosovatimes.info\/index.php\/2026\/09\/06\/binjakeve-ne-iran-iu-hoqen-floket-dhe-iu-thyen-kockat-per-shkak-te-protestes-njera-u-denua-me-vdekje\/#primaryimage"},"thumbnailUrl":"https:\/\/kosovatimes.info\/wp-content\/uploads\/2026\/09\/binjaket.jpg","datePublished":"2026-09-06T07:09:00+00:00","dateModified":"2026-09-06T08:44:23+00:00","author":{"@id":"https:\/\/kosovatimes.info\/#\/schema\/person\/7586712b9c512fe68085de007378c915"},"breadcrumb":{"@id":"https:\/\/kosovatimes.info\/index.php\/2026\/09\/06\/binjakeve-ne-iran-iu-hoqen-floket-dhe-iu-thyen-kockat-per-shkak-te-protestes-njera-u-denua-me-vdekje\/#breadcrumb"},"inLanguage":"en-US","potentialAction":[{"@type":"ReadAction","target":["https:\/\/kosovatimes.info\/index.php\/2026\/09\/06\/binjakeve-ne-iran-iu-hoqen-floket-dhe-iu-thyen-kockat-per-shkak-te-protestes-njera-u-denua-me-vdekje\/"]}]},{"@type":"ImageObject","inLanguage":"en-US","@id":"https:\/\/kosovatimes.info\/index.php\/2026\/09\/06\/binjakeve-ne-iran-iu-hoqen-floket-dhe-iu-thyen-kockat-per-shkak-te-protestes-njera-u-denua-me-vdekje\/#primaryimage","url":"https:\/\/kosovatimes.info\/wp-content\/uploads\/2026\/09\/binjaket.jpg","contentUrl":"https:\/\/kosovatimes.info\/wp-content\/uploads\/2026\/09\/binjaket.jpg","width":765,"height":430},{"@type":"BreadcrumbList","@id":"https:\/\/kosovatimes.info\/index.php\/2026\/09\/06\/binjakeve-ne-iran-iu-hoqen-floket-dhe-iu-thyen-kockat-per-shkak-te-protestes-njera-u-denua-me-vdekje\/#breadcrumb","itemListElement":[{"@type":"ListItem","position":1,"name":"Home","item":"https:\/\/kosovatimes.info\/"},{"@type":"ListItem","position":2,"name":"Binjak\u00ebve n\u00eb Iran iu hoq\u00ebn flok\u00ebt dhe iu thyen kockat p\u00ebr shkak t\u00eb protest\u00ebs. Nj\u00ebra u d\u00ebnua me vdekje"}]},{"@type":"WebSite","@id":"https:\/\/kosovatimes.info\/#website","url":"https:\/\/kosovatimes.info\/","name":"Kosova Times","description":"","potentialAction":[{"@type":"SearchAction","target":{"@type":"EntryPoint","urlTemplate":"https:\/\/kosovatimes.info\/?s={search_term_string}"},"query-input":{"@type":"PropertyValueSpecification","valueRequired":true,"valueName":"search_term_string"}}],"inLanguage":"en-US"},{"@type":"Person","@id":"https:\/\/kosovatimes.info\/#\/schema\/person\/7586712b9c512fe68085de007378c915","name":"i l","image":{"@type":"ImageObject","inLanguage":"en-US","@id":"https:\/\/secure.gravatar.com\/avatar\/bad9296e02816160ae2e2435beda58222022298d5625d49fea74d18816fbb31d?s=96&d=mm&r=g","url":"https:\/\/secure.gravatar.com\/avatar\/bad9296e02816160ae2e2435beda58222022298d5625d49fea74d18816fbb31d?s=96&d=mm&r=g","contentUrl":"https:\/\/secure.gravatar.com\/avatar\/bad9296e02816160ae2e2435beda58222022298d5625d49fea74d18816fbb31d?s=96&d=mm&r=g","caption":"i l"},"url":"https:\/\/kosovatimes.info\/index.php\/author\/iliri\/"}]}},"_links":{"self":[{"href":"https:\/\/kosovatimes.info\/index.php\/wp-json\/wp\/v2\/posts\/31122","targetHints":{"allow":["GET"]}}],"collection":[{"href":"https:\/\/kosovatimes.info\/index.php\/wp-json\/wp\/v2\/posts"}],"about":[{"href":"https:\/\/kosovatimes.info\/index.php\/wp-json\/wp\/v2\/types\/post"}],"author":[{"embeddable":true,"href":"https:\/\/kosovatimes.info\/index.php\/wp-json\/wp\/v2\/users\/4"}],"replies":[{"embeddable":true,"href":"https:\/\/kosovatimes.info\/index.php\/wp-json\/wp\/v2\/comments?post=31122"}],"version-history":[{"count":1,"href":"https:\/\/kosovatimes.info\/index.php\/wp-json\/wp\/v2\/posts\/31122\/revisions"}],"predecessor-version":[{"id":31124,"href":"https:\/\/kosovatimes.info\/index.php\/wp-json\/wp\/v2\/posts\/31122\/revisions\/31124"}],"wp:featuredmedia":[{"embeddable":true,"href":"https:\/\/kosovatimes.info\/index.php\/wp-json\/wp\/v2\/media\/31123"}],"wp:attachment":[{"href":"https:\/\/kosovatimes.info\/index.php\/wp-json\/wp\/v2\/media?parent=31122"}],"wp:term":[{"taxonomy":"category","embeddable":true,"href":"https:\/\/kosovatimes.info\/index.php\/wp-json\/wp\/v2\/categories?post=31122"},{"taxonomy":"post_tag","embeddable":true,"href":"https:\/\/kosovatimes.info\/index.php\/wp-json\/wp\/v2\/tags?post=31122"}],"curies":[{"name":"wp","href":"https:\/\/api.w.org\/{rel}","templated":true}]}}