{"id":31126,"date":"2026-09-06T10:47:41","date_gmt":"2026-09-06T08:47:41","guid":{"rendered":"https:\/\/kosovatimes.info\/?p=31126"},"modified":"2026-09-06T10:47:42","modified_gmt":"2026-09-06T08:47:42","slug":"sekreti-eshte-te-marinada-pula-e-skuqur-qe-eshte-aq-e-shijshme-sa-eshte-bere-krenaria-e-kombit","status":"publish","type":"post","link":"https:\/\/kosovatimes.info\/index.php\/2026\/09\/06\/sekreti-eshte-te-marinada-pula-e-skuqur-qe-eshte-aq-e-shijshme-sa-eshte-bere-krenaria-e-kombit\/","title":{"rendered":"Sekreti \u00ebsht\u00eb te marinada: Pula e skuqur q\u00eb \u00ebsht\u00eb aq e shijshme sa \u00ebsht\u00eb b\u00ebr\u00eb krenaria e kombit"},"content":{"rendered":"\n<p class=\"wp-block-paragraph\">Simboli austriak i ngroht\u00ebsis\u00eb dhe mikpritjes quhet backhendl, dhe \u00ebsht\u00eb nj\u00eb pul\u00eb q\u00eb s\u00eb pari marinohet n\u00eb l\u00ebng limoni, pastaj panohet dhe sh\u00ebrbehet me sallat\u00eb patateje&#8230;<\/p>\n\n\n\n<p class=\"wp-block-paragraph\">Pula e panuar stiriane\u00a0<br><strong><em>,<\/em><\/strong>\u00a0ose pula e panuar stiriane, \u00ebsht\u00eb nj\u00eb nga gatimet tradicionale m\u00eb t\u00eb dashura t\u00eb Austris\u00eb. Kjo \u00ebmb\u00eblsir\u00eb e art\u00eb dhe krokante ka rr\u00ebnj\u00eb t\u00eb thella historike, ve\u00e7an\u00ebrisht n\u00eb rajonin juglindor\u00a0<br><strong>t\u00eb Stiris\u00eb<\/strong>\u00a0, ku \u00ebsht\u00eb shijuar p\u00ebr shekuj me radh\u00eb. Pjata mish\u00ebron trash\u00ebgimin\u00eb e pasur kulinare t\u00eb Austris\u00eb, duke bashkuar traditat rurale me ndikime aristokratike.<\/p>\n\n\n\n<p class=\"wp-block-paragraph\">Historia e pul\u00ebs s\u00eb skuqur n\u00eb Austri daton q\u00eb nga shekulli i 18-t\u00eb, kur ajo u b\u00eb pjes\u00eb integrale e diet\u00ebs s\u00eb aristokracis\u00eb. T\u00eb ndikuar nga teknikat e kuzhin\u00ebs franceze dhe italiane, shefat e kuzhin\u00ebs austriak\u00eb p\u00ebrsos\u00ebn recetat lokale, duke krijuar at\u00eb q\u00eb do t\u00eb njihej si&nbsp;<strong><em>backhendl<\/em><\/strong>&nbsp;. N\u00eb at\u00eb koh\u00eb, skuqja konsiderohej nj\u00eb metod\u00eb luksoze p\u00ebrgatitjeje p\u00ebr shkak t\u00eb kostos s\u00eb lart\u00eb t\u00eb gjalpit dhe dhjamit t\u00eb derrit. Pjata ishte ve\u00e7an\u00ebrisht popullore n\u00eb mesin e fisnik\u00ebris\u00eb, t\u00eb cil\u00ebt e servirnin at\u00eb n\u00eb gosti dhe festime t\u00eb bollshme.<\/p>\n\n\n\n<p class=\"wp-block-paragraph\">Receta klasike e Styrias p\u00ebrgatitet duke prer\u00eb nj\u00eb pul\u00eb t\u00eb t\u00ebr\u00eb n\u00eb copa, duke e er\u00ebzuar me krip\u00eb dhe l\u00ebng limoni, pastaj duke e lyer me miell, vez\u00eb dhe buk\u00eb t\u00eb thekur dhe duke e skuqur derisa t\u00eb b\u00ebhet krokante dhe e art\u00eb. Tradicionalisht, skuqet n\u00eb gjalp\u00eb t\u00eb kulluar ose&nbsp;<strong>dhjam\u00eb t\u00eb derrit,<\/strong>&nbsp;gj\u00eb q\u00eb i jep nj\u00eb shije t\u00eb pasur dhe nj\u00eb tekstur\u00eb perfekte krokante.<\/p>\n\n\n\n<h2 class=\"wp-block-heading\">Me sallat\u00eb patateje&nbsp;<\/h2>\n\n\n\n<p class=\"wp-block-paragraph\">Nj\u00eb nga element\u00ebt kryesor\u00eb q\u00eb e dallon at\u00eb nga versionet e tjera t\u00eb pul\u00ebs s\u00eb skuqur \u00ebsht\u00eb kombinimi i saj me sallata t\u00eb fresk\u00ebta, ve\u00e7an\u00ebrisht ato t\u00eb marinuara me vaj farash kungulli. Ky vaj i gjelb\u00ebr i err\u00ebt me shije arre \u00ebsht\u00eb nj\u00eb specialitet i Steiermark-ut dhe ofron nj\u00eb shije dalluese q\u00eb plot\u00ebson n\u00eb m\u00ebnyr\u00eb t\u00eb p\u00ebrkryer pul\u00ebn krokante. Pjata an\u00ebsore si&nbsp;<strong>sallata e thjesht\u00eb me patate<\/strong>&nbsp;ose sallata e leht\u00eb me kastravec jan\u00eb gjithashtu t\u00eb zakonshme, t\u00eb cilat balancojn\u00eb m\u00eb tej shijet.<\/p>\n\n\n\n<p class=\"wp-block-paragraph\">Gjat\u00eb shekujve,&nbsp;<em>gjell\u00eb e vjet\u00ebr<\/em>&nbsp;stiriane evoluoi nga nj\u00eb pjat\u00eb p\u00ebr elit\u00ebn n\u00eb nj\u00eb vakt t\u00eb preferuar t\u00eb austriak\u00ebve. N\u00eb fund t\u00eb shekullit t\u00eb 19-t\u00eb dhe fillim t\u00eb shekullit t\u00eb 20-t\u00eb, ajo u b\u00eb nj\u00eb pjat\u00eb kryesore n\u00eb&nbsp;<strong>gasth\u00e4user<\/strong>&nbsp;(hane tradicionale austriake) dhe familje rurale n\u00eb t\u00eb gjith\u00eb rajonin. Shpesh sh\u00ebrbehej n\u00eb tubimet familjare t\u00eb s\u00eb diel\u00ebs, dasma dhe festime, duke \u00e7imentuar rolin e saj si simbol i ngroht\u00ebsis\u00eb dhe mikpritjes.<\/p>\n\n\n\n<p class=\"wp-block-paragraph\">Sot,&nbsp;<em>backhendl<\/em>&nbsp;mbetet nj\u00eb pjes\u00eb integrale e gastronomis\u00eb austriake. \u00cbsht\u00eb gjer\u00ebsisht i disponuesh\u00ebm n\u00eb restorante n\u00eb t\u00eb gjith\u00eb vendin, ve\u00e7an\u00ebrisht n\u00eb Steiermark, ku vendasit krenohen me interpretimin e tyre unik t\u00eb k\u00ebsaj pjate klasike. Shum\u00eb restorante tradicionale ende e p\u00ebrgatisin at\u00eb n\u00eb&nbsp;<strong>m\u00ebnyr\u00ebn e vjet\u00ebr,<\/strong>&nbsp;duke siguruar q\u00eb \u00e7do porcion t\u00eb ruaj\u00eb autenticitetin e rr\u00ebnj\u00ebve t\u00eb saj historike.<\/p>\n\n\n\n<p class=\"wp-block-paragraph\">Qoft\u00eb e ngr\u00ebn\u00eb n\u00eb nj\u00eb han fshatar apo n\u00eb nj\u00eb restorant luksoz, kjo pul\u00eb e skuqur krokante mbetet nj\u00eb pjes\u00eb e \u00e7muar e identitetit gastronomik t\u00eb Austris\u00eb.<\/p>\n\n\n\n<h2 class=\"wp-block-heading\">Pul\u00eb e skuqur &#8211; p\u00ebrb\u00ebr\u00ebsit:<\/h2>\n\n\n\n<ul class=\"wp-block-list\">\n<li>1 pul\u00eb e t\u00ebr\u00eb, e prer\u00eb n\u00eb 8 copa <\/li>\n\n\n\n<li>3 limon\u00eb (t\u00eb shtrydhur)<\/li>\n\n\n\n<li>2 thelpinj hudh\u00ebr, t\u00eb grir\u00eb im\u00ebt<\/li>\n\n\n\n<li>120 g miell i zakonsh\u00ebm<\/li>\n\n\n\n<li>4 vez\u00eb, t\u00eb rrahura<\/li>\n\n\n\n<li>Th\u00ebrrime buke<\/li>\n\n\n\n<li>Feta limoni, p\u00ebr servirje<\/li>\n\n\n\n<li>Krip\u00eb, piper<\/li>\n\n\n\n<li>Yndyr\u00eb ose vaj p\u00ebr skuqje<\/li>\n<\/ul>\n\n\n\n<h2 class=\"wp-block-heading\">Pul\u00eb e skuqur &#8211; p\u00ebrgatitja:<\/h2>\n\n\n\n<ol class=\"wp-block-list\">\n<li>Vendosni copat e pul\u00ebs, l\u00ebngun e limonit, hudhr\u00ebn, 1 lug\u00eb \u00e7aji krip\u00eb dhe piper t\u00eb bluar me boll\u00ebk n\u00eb nj\u00eb qese 4 litra me zip. Mbylleni fort dhe tundeni q\u00eb t\u00eb p\u00ebrzihen. Vendoseni n\u00eb frigorifer p\u00ebr t\u00eb pakt\u00ebn 1 or\u00eb, deri n\u00eb 2 or\u00eb.<\/li>\n\n\n\n<li>Kur t\u00eb jeni gati p\u00ebr t\u00eb skuqur, hidhni rreth 4 cm vaj n\u00eb nj\u00eb tigan ose tenxhere dhe ngroheni n\u00eb 190 \u00b0C. Vendosni miellin n\u00eb nj\u00eb tas t\u00eb gjer\u00eb dhe vez\u00ebt e rrahura n\u00eb nj\u00eb tjet\u00ebr. Vendosni th\u00ebrrimet e buk\u00ebs n\u00eb nj\u00eb tas ose pjat\u00eb t\u00eb tret\u00eb t\u00eb cek\u00ebt.<\/li>\n\n\n\n<li>Hiqeni pul\u00ebn nga marinada. Punojeni n\u00eb grupe n\u00ebse \u00ebsht\u00eb e nevojshme: lyejeni secil\u00ebn cop\u00eb me miell (shkundeni tepric\u00ebn), pastaj me vez\u00eb (l\u00ebreni tepric\u00ebn t\u00eb kulloj\u00eb), pastaj me buk\u00eb t\u00eb thekur dhe vendoseni menj\u00ebher\u00eb n\u00eb vajin e nxeht\u00eb. Temperatura e vajit do t\u00eb bjer\u00eb.<\/li>\n\n\n\n<li>Skuqni pul\u00ebn, duke e kthyer her\u00eb pas here, dhe duke e mbajtur temperatur\u00ebn e vajit midis 165\u00b0C dhe 175\u00b0C derisa t\u00eb marr\u00eb ngjyr\u00eb t\u00eb art\u00eb nga jasht\u00eb dhe temperatura e brendshme t\u00eb arrij\u00eb 63\u00b0C p\u00ebr gjoksin dhe 68\u00b0C p\u00ebr kofsh\u00ebt dhe kofsh\u00ebt, p\u00ebr af\u00ebrsisht 15 minuta.<\/li>\n\n\n\n<li>Vendosni copat e skuqura n\u00eb peshqir letre q\u00eb t\u00eb kullojn\u00eb, pastaj n\u00eb nj\u00eb raft t\u00eb vendosur mbi nj\u00eb tepsi pjekjeje. Sp\u00ebrkateni me krip\u00eb. L\u00ebreni pul\u00ebn t\u00eb pushoj\u00eb p\u00ebr t\u00eb pakt\u00ebn 3 minuta pasi temperatura e gjoksit t\u00eb arrij\u00eb 150\u00b0F (66\u00b0C). Sh\u00ebrbejeni menj\u00ebher\u00eb me feta limoni.<\/li>\n<\/ol>\n","protected":false},"excerpt":{"rendered":"<p>Simboli austriak i ngroht\u00ebsis\u00eb dhe mikpritjes quhet backhendl, dhe \u00ebsht\u00eb nj\u00eb pul\u00eb q\u00eb s\u00eb pari marinohet n\u00eb l\u00ebng limoni, pastaj panohet dhe sh\u00ebrbehet me sallat\u00eb patateje&#8230; Pula e panuar stiriane\u00a0,\u00a0ose pula e panuar stiriane, \u00ebsht\u00eb nj\u00eb nga gatimet tradicionale m\u00eb t\u00eb dashura t\u00eb Austris\u00eb. Kjo \u00ebmb\u00eblsir\u00eb e art\u00eb dhe krokante ka rr\u00ebnj\u00eb t\u00eb thella historike, [&hellip;]<\/p>\n","protected":false},"author":4,"featured_media":31127,"comment_status":"open","ping_status":"open","sticky":false,"template":"","format":"standard","meta":{"footnotes":""},"categories":[39],"tags":[],"class_list":["post-31126","post","type-post","status-publish","format-standard","has-post-thumbnail","category-receta"],"yoast_head":"<!-- This site is optimized with the Yoast SEO plugin v27.4 - https:\/\/yoast.com\/product\/yoast-seo-wordpress\/ -->\n<title>Sekreti \u00ebsht\u00eb te marinada: Pula e skuqur q\u00eb \u00ebsht\u00eb aq e shijshme sa \u00ebsht\u00eb b\u00ebr\u00eb krenaria e kombit - Kosova Times<\/title>\n<meta name=\"robots\" content=\"index, follow, max-snippet:-1, max-image-preview:large, max-video-preview:-1\" \/>\n<link rel=\"canonical\" href=\"https:\/\/kosovatimes.info\/index.php\/2026\/09\/06\/sekreti-eshte-te-marinada-pula-e-skuqur-qe-eshte-aq-e-shijshme-sa-eshte-bere-krenaria-e-kombit\/\" \/>\n<meta property=\"og:locale\" content=\"en_US\" \/>\n<meta property=\"og:type\" content=\"article\" \/>\n<meta property=\"og:title\" content=\"Sekreti \u00ebsht\u00eb te marinada: Pula e skuqur q\u00eb \u00ebsht\u00eb aq e shijshme sa \u00ebsht\u00eb b\u00ebr\u00eb krenaria e kombit - Kosova Times\" \/>\n<meta property=\"og:description\" content=\"Simboli austriak i ngroht\u00ebsis\u00eb dhe mikpritjes quhet backhendl, dhe \u00ebsht\u00eb nj\u00eb pul\u00eb q\u00eb s\u00eb pari marinohet n\u00eb l\u00ebng limoni, pastaj panohet dhe sh\u00ebrbehet me sallat\u00eb patateje&#8230; Pula e panuar stiriane\u00a0,\u00a0ose pula e panuar stiriane, \u00ebsht\u00eb nj\u00eb nga gatimet tradicionale m\u00eb t\u00eb dashura t\u00eb Austris\u00eb. Kjo \u00ebmb\u00eblsir\u00eb e art\u00eb dhe krokante ka rr\u00ebnj\u00eb t\u00eb thella historike, [&hellip;]\" \/>\n<meta property=\"og:url\" content=\"https:\/\/kosovatimes.info\/index.php\/2026\/09\/06\/sekreti-eshte-te-marinada-pula-e-skuqur-qe-eshte-aq-e-shijshme-sa-eshte-bere-krenaria-e-kombit\/\" \/>\n<meta property=\"og:site_name\" content=\"Kosova Times\" \/>\n<meta property=\"article:published_time\" content=\"2026-09-06T08:47:41+00:00\" \/>\n<meta property=\"article:modified_time\" content=\"2026-09-06T08:47:42+00:00\" \/>\n<meta property=\"og:image\" content=\"https:\/\/kosovatimes.info\/wp-content\/uploads\/2026\/09\/Pula-1.jpg\" \/>\n\t<meta property=\"og:image:width\" content=\"920\" \/>\n\t<meta property=\"og:image:height\" content=\"695\" \/>\n\t<meta property=\"og:image:type\" content=\"image\/jpeg\" \/>\n<meta name=\"author\" content=\"i l\" \/>\n<meta name=\"twitter:card\" content=\"summary_large_image\" \/>\n<meta name=\"twitter:label1\" content=\"Written by\" \/>\n\t<meta name=\"twitter:data1\" content=\"i l\" \/>\n\t<meta name=\"twitter:label2\" content=\"Est. reading time\" \/>\n\t<meta name=\"twitter:data2\" content=\"4 minutes\" \/>\n<script type=\"application\/ld+json\" class=\"yoast-schema-graph\">{\"@context\":\"https:\\\/\\\/schema.org\",\"@graph\":[{\"@type\":\"Article\",\"@id\":\"https:\\\/\\\/kosovatimes.info\\\/index.php\\\/2026\\\/09\\\/06\\\/sekreti-eshte-te-marinada-pula-e-skuqur-qe-eshte-aq-e-shijshme-sa-eshte-bere-krenaria-e-kombit\\\/#article\",\"isPartOf\":{\"@id\":\"https:\\\/\\\/kosovatimes.info\\\/index.php\\\/2026\\\/09\\\/06\\\/sekreti-eshte-te-marinada-pula-e-skuqur-qe-eshte-aq-e-shijshme-sa-eshte-bere-krenaria-e-kombit\\\/\"},\"author\":{\"name\":\"i l\",\"@id\":\"https:\\\/\\\/kosovatimes.info\\\/#\\\/schema\\\/person\\\/7586712b9c512fe68085de007378c915\"},\"headline\":\"Sekreti \u00ebsht\u00eb te marinada: Pula e skuqur q\u00eb \u00ebsht\u00eb aq e shijshme sa \u00ebsht\u00eb b\u00ebr\u00eb krenaria e kombit\",\"datePublished\":\"2026-09-06T08:47:41+00:00\",\"dateModified\":\"2026-09-06T08:47:42+00:00\",\"mainEntityOfPage\":{\"@id\":\"https:\\\/\\\/kosovatimes.info\\\/index.php\\\/2026\\\/09\\\/06\\\/sekreti-eshte-te-marinada-pula-e-skuqur-qe-eshte-aq-e-shijshme-sa-eshte-bere-krenaria-e-kombit\\\/\"},\"wordCount\":883,\"commentCount\":0,\"image\":{\"@id\":\"https:\\\/\\\/kosovatimes.info\\\/index.php\\\/2026\\\/09\\\/06\\\/sekreti-eshte-te-marinada-pula-e-skuqur-qe-eshte-aq-e-shijshme-sa-eshte-bere-krenaria-e-kombit\\\/#primaryimage\"},\"thumbnailUrl\":\"https:\\\/\\\/kosovatimes.info\\\/wp-content\\\/uploads\\\/2026\\\/09\\\/Pula-1.jpg\",\"articleSection\":[\"Receta\"],\"inLanguage\":\"en-US\",\"potentialAction\":[{\"@type\":\"CommentAction\",\"name\":\"Comment\",\"target\":[\"https:\\\/\\\/kosovatimes.info\\\/index.php\\\/2026\\\/09\\\/06\\\/sekreti-eshte-te-marinada-pula-e-skuqur-qe-eshte-aq-e-shijshme-sa-eshte-bere-krenaria-e-kombit\\\/#respond\"]}]},{\"@type\":\"WebPage\",\"@id\":\"https:\\\/\\\/kosovatimes.info\\\/index.php\\\/2026\\\/09\\\/06\\\/sekreti-eshte-te-marinada-pula-e-skuqur-qe-eshte-aq-e-shijshme-sa-eshte-bere-krenaria-e-kombit\\\/\",\"url\":\"https:\\\/\\\/kosovatimes.info\\\/index.php\\\/2026\\\/09\\\/06\\\/sekreti-eshte-te-marinada-pula-e-skuqur-qe-eshte-aq-e-shijshme-sa-eshte-bere-krenaria-e-kombit\\\/\",\"name\":\"Sekreti \u00ebsht\u00eb te marinada: Pula e skuqur q\u00eb \u00ebsht\u00eb aq e shijshme sa \u00ebsht\u00eb b\u00ebr\u00eb krenaria e kombit - Kosova Times\",\"isPartOf\":{\"@id\":\"https:\\\/\\\/kosovatimes.info\\\/#website\"},\"primaryImageOfPage\":{\"@id\":\"https:\\\/\\\/kosovatimes.info\\\/index.php\\\/2026\\\/09\\\/06\\\/sekreti-eshte-te-marinada-pula-e-skuqur-qe-eshte-aq-e-shijshme-sa-eshte-bere-krenaria-e-kombit\\\/#primaryimage\"},\"image\":{\"@id\":\"https:\\\/\\\/kosovatimes.info\\\/index.php\\\/2026\\\/09\\\/06\\\/sekreti-eshte-te-marinada-pula-e-skuqur-qe-eshte-aq-e-shijshme-sa-eshte-bere-krenaria-e-kombit\\\/#primaryimage\"},\"thumbnailUrl\":\"https:\\\/\\\/kosovatimes.info\\\/wp-content\\\/uploads\\\/2026\\\/09\\\/Pula-1.jpg\",\"datePublished\":\"2026-09-06T08:47:41+00:00\",\"dateModified\":\"2026-09-06T08:47:42+00:00\",\"author\":{\"@id\":\"https:\\\/\\\/kosovatimes.info\\\/#\\\/schema\\\/person\\\/7586712b9c512fe68085de007378c915\"},\"breadcrumb\":{\"@id\":\"https:\\\/\\\/kosovatimes.info\\\/index.php\\\/2026\\\/09\\\/06\\\/sekreti-eshte-te-marinada-pula-e-skuqur-qe-eshte-aq-e-shijshme-sa-eshte-bere-krenaria-e-kombit\\\/#breadcrumb\"},\"inLanguage\":\"en-US\",\"potentialAction\":[{\"@type\":\"ReadAction\",\"target\":[\"https:\\\/\\\/kosovatimes.info\\\/index.php\\\/2026\\\/09\\\/06\\\/sekreti-eshte-te-marinada-pula-e-skuqur-qe-eshte-aq-e-shijshme-sa-eshte-bere-krenaria-e-kombit\\\/\"]}]},{\"@type\":\"ImageObject\",\"inLanguage\":\"en-US\",\"@id\":\"https:\\\/\\\/kosovatimes.info\\\/index.php\\\/2026\\\/09\\\/06\\\/sekreti-eshte-te-marinada-pula-e-skuqur-qe-eshte-aq-e-shijshme-sa-eshte-bere-krenaria-e-kombit\\\/#primaryimage\",\"url\":\"https:\\\/\\\/kosovatimes.info\\\/wp-content\\\/uploads\\\/2026\\\/09\\\/Pula-1.jpg\",\"contentUrl\":\"https:\\\/\\\/kosovatimes.info\\\/wp-content\\\/uploads\\\/2026\\\/09\\\/Pula-1.jpg\",\"width\":920,\"height\":695},{\"@type\":\"BreadcrumbList\",\"@id\":\"https:\\\/\\\/kosovatimes.info\\\/index.php\\\/2026\\\/09\\\/06\\\/sekreti-eshte-te-marinada-pula-e-skuqur-qe-eshte-aq-e-shijshme-sa-eshte-bere-krenaria-e-kombit\\\/#breadcrumb\",\"itemListElement\":[{\"@type\":\"ListItem\",\"position\":1,\"name\":\"Home\",\"item\":\"https:\\\/\\\/kosovatimes.info\\\/\"},{\"@type\":\"ListItem\",\"position\":2,\"name\":\"Sekreti \u00ebsht\u00eb te marinada: Pula e skuqur q\u00eb \u00ebsht\u00eb aq e shijshme sa \u00ebsht\u00eb b\u00ebr\u00eb krenaria e kombit\"}]},{\"@type\":\"WebSite\",\"@id\":\"https:\\\/\\\/kosovatimes.info\\\/#website\",\"url\":\"https:\\\/\\\/kosovatimes.info\\\/\",\"name\":\"Kosova Times\",\"description\":\"\",\"potentialAction\":[{\"@type\":\"SearchAction\",\"target\":{\"@type\":\"EntryPoint\",\"urlTemplate\":\"https:\\\/\\\/kosovatimes.info\\\/?s={search_term_string}\"},\"query-input\":{\"@type\":\"PropertyValueSpecification\",\"valueRequired\":true,\"valueName\":\"search_term_string\"}}],\"inLanguage\":\"en-US\"},{\"@type\":\"Person\",\"@id\":\"https:\\\/\\\/kosovatimes.info\\\/#\\\/schema\\\/person\\\/7586712b9c512fe68085de007378c915\",\"name\":\"i l\",\"image\":{\"@type\":\"ImageObject\",\"inLanguage\":\"en-US\",\"@id\":\"https:\\\/\\\/secure.gravatar.com\\\/avatar\\\/bad9296e02816160ae2e2435beda58222022298d5625d49fea74d18816fbb31d?s=96&d=mm&r=g\",\"url\":\"https:\\\/\\\/secure.gravatar.com\\\/avatar\\\/bad9296e02816160ae2e2435beda58222022298d5625d49fea74d18816fbb31d?s=96&d=mm&r=g\",\"contentUrl\":\"https:\\\/\\\/secure.gravatar.com\\\/avatar\\\/bad9296e02816160ae2e2435beda58222022298d5625d49fea74d18816fbb31d?s=96&d=mm&r=g\",\"caption\":\"i l\"},\"url\":\"https:\\\/\\\/kosovatimes.info\\\/index.php\\\/author\\\/iliri\\\/\"}]}<\/script>\n<!-- \/ Yoast SEO plugin. -->","yoast_head_json":{"title":"Sekreti \u00ebsht\u00eb te marinada: Pula e skuqur q\u00eb \u00ebsht\u00eb aq e shijshme sa \u00ebsht\u00eb b\u00ebr\u00eb krenaria e kombit - Kosova Times","robots":{"index":"index","follow":"follow","max-snippet":"max-snippet:-1","max-image-preview":"max-image-preview:large","max-video-preview":"max-video-preview:-1"},"canonical":"https:\/\/kosovatimes.info\/index.php\/2026\/09\/06\/sekreti-eshte-te-marinada-pula-e-skuqur-qe-eshte-aq-e-shijshme-sa-eshte-bere-krenaria-e-kombit\/","og_locale":"en_US","og_type":"article","og_title":"Sekreti \u00ebsht\u00eb te marinada: Pula e skuqur q\u00eb \u00ebsht\u00eb aq e shijshme sa \u00ebsht\u00eb b\u00ebr\u00eb krenaria e kombit - Kosova Times","og_description":"Simboli austriak i ngroht\u00ebsis\u00eb dhe mikpritjes quhet backhendl, dhe \u00ebsht\u00eb nj\u00eb pul\u00eb q\u00eb s\u00eb pari marinohet n\u00eb l\u00ebng limoni, pastaj panohet dhe sh\u00ebrbehet me sallat\u00eb patateje&#8230; Pula e panuar stiriane\u00a0,\u00a0ose pula e panuar stiriane, \u00ebsht\u00eb nj\u00eb nga gatimet tradicionale m\u00eb t\u00eb dashura t\u00eb Austris\u00eb. Kjo \u00ebmb\u00eblsir\u00eb e art\u00eb dhe krokante ka rr\u00ebnj\u00eb t\u00eb thella historike, [&hellip;]","og_url":"https:\/\/kosovatimes.info\/index.php\/2026\/09\/06\/sekreti-eshte-te-marinada-pula-e-skuqur-qe-eshte-aq-e-shijshme-sa-eshte-bere-krenaria-e-kombit\/","og_site_name":"Kosova Times","article_published_time":"2026-09-06T08:47:41+00:00","article_modified_time":"2026-09-06T08:47:42+00:00","og_image":[{"width":920,"height":695,"url":"https:\/\/kosovatimes.info\/wp-content\/uploads\/2026\/09\/Pula-1.jpg","type":"image\/jpeg"}],"author":"i l","twitter_card":"summary_large_image","twitter_misc":{"Written by":"i l","Est. reading time":"4 minutes"},"schema":{"@context":"https:\/\/schema.org","@graph":[{"@type":"Article","@id":"https:\/\/kosovatimes.info\/index.php\/2026\/09\/06\/sekreti-eshte-te-marinada-pula-e-skuqur-qe-eshte-aq-e-shijshme-sa-eshte-bere-krenaria-e-kombit\/#article","isPartOf":{"@id":"https:\/\/kosovatimes.info\/index.php\/2026\/09\/06\/sekreti-eshte-te-marinada-pula-e-skuqur-qe-eshte-aq-e-shijshme-sa-eshte-bere-krenaria-e-kombit\/"},"author":{"name":"i l","@id":"https:\/\/kosovatimes.info\/#\/schema\/person\/7586712b9c512fe68085de007378c915"},"headline":"Sekreti \u00ebsht\u00eb te marinada: Pula e skuqur q\u00eb \u00ebsht\u00eb aq e shijshme sa \u00ebsht\u00eb b\u00ebr\u00eb krenaria e kombit","datePublished":"2026-09-06T08:47:41+00:00","dateModified":"2026-09-06T08:47:42+00:00","mainEntityOfPage":{"@id":"https:\/\/kosovatimes.info\/index.php\/2026\/09\/06\/sekreti-eshte-te-marinada-pula-e-skuqur-qe-eshte-aq-e-shijshme-sa-eshte-bere-krenaria-e-kombit\/"},"wordCount":883,"commentCount":0,"image":{"@id":"https:\/\/kosovatimes.info\/index.php\/2026\/09\/06\/sekreti-eshte-te-marinada-pula-e-skuqur-qe-eshte-aq-e-shijshme-sa-eshte-bere-krenaria-e-kombit\/#primaryimage"},"thumbnailUrl":"https:\/\/kosovatimes.info\/wp-content\/uploads\/2026\/09\/Pula-1.jpg","articleSection":["Receta"],"inLanguage":"en-US","potentialAction":[{"@type":"CommentAction","name":"Comment","target":["https:\/\/kosovatimes.info\/index.php\/2026\/09\/06\/sekreti-eshte-te-marinada-pula-e-skuqur-qe-eshte-aq-e-shijshme-sa-eshte-bere-krenaria-e-kombit\/#respond"]}]},{"@type":"WebPage","@id":"https:\/\/kosovatimes.info\/index.php\/2026\/09\/06\/sekreti-eshte-te-marinada-pula-e-skuqur-qe-eshte-aq-e-shijshme-sa-eshte-bere-krenaria-e-kombit\/","url":"https:\/\/kosovatimes.info\/index.php\/2026\/09\/06\/sekreti-eshte-te-marinada-pula-e-skuqur-qe-eshte-aq-e-shijshme-sa-eshte-bere-krenaria-e-kombit\/","name":"Sekreti \u00ebsht\u00eb te marinada: Pula e skuqur q\u00eb \u00ebsht\u00eb aq e shijshme sa \u00ebsht\u00eb b\u00ebr\u00eb krenaria e kombit - Kosova Times","isPartOf":{"@id":"https:\/\/kosovatimes.info\/#website"},"primaryImageOfPage":{"@id":"https:\/\/kosovatimes.info\/index.php\/2026\/09\/06\/sekreti-eshte-te-marinada-pula-e-skuqur-qe-eshte-aq-e-shijshme-sa-eshte-bere-krenaria-e-kombit\/#primaryimage"},"image":{"@id":"https:\/\/kosovatimes.info\/index.php\/2026\/09\/06\/sekreti-eshte-te-marinada-pula-e-skuqur-qe-eshte-aq-e-shijshme-sa-eshte-bere-krenaria-e-kombit\/#primaryimage"},"thumbnailUrl":"https:\/\/kosovatimes.info\/wp-content\/uploads\/2026\/09\/Pula-1.jpg","datePublished":"2026-09-06T08:47:41+00:00","dateModified":"2026-09-06T08:47:42+00:00","author":{"@id":"https:\/\/kosovatimes.info\/#\/schema\/person\/7586712b9c512fe68085de007378c915"},"breadcrumb":{"@id":"https:\/\/kosovatimes.info\/index.php\/2026\/09\/06\/sekreti-eshte-te-marinada-pula-e-skuqur-qe-eshte-aq-e-shijshme-sa-eshte-bere-krenaria-e-kombit\/#breadcrumb"},"inLanguage":"en-US","potentialAction":[{"@type":"ReadAction","target":["https:\/\/kosovatimes.info\/index.php\/2026\/09\/06\/sekreti-eshte-te-marinada-pula-e-skuqur-qe-eshte-aq-e-shijshme-sa-eshte-bere-krenaria-e-kombit\/"]}]},{"@type":"ImageObject","inLanguage":"en-US","@id":"https:\/\/kosovatimes.info\/index.php\/2026\/09\/06\/sekreti-eshte-te-marinada-pula-e-skuqur-qe-eshte-aq-e-shijshme-sa-eshte-bere-krenaria-e-kombit\/#primaryimage","url":"https:\/\/kosovatimes.info\/wp-content\/uploads\/2026\/09\/Pula-1.jpg","contentUrl":"https:\/\/kosovatimes.info\/wp-content\/uploads\/2026\/09\/Pula-1.jpg","width":920,"height":695},{"@type":"BreadcrumbList","@id":"https:\/\/kosovatimes.info\/index.php\/2026\/09\/06\/sekreti-eshte-te-marinada-pula-e-skuqur-qe-eshte-aq-e-shijshme-sa-eshte-bere-krenaria-e-kombit\/#breadcrumb","itemListElement":[{"@type":"ListItem","position":1,"name":"Home","item":"https:\/\/kosovatimes.info\/"},{"@type":"ListItem","position":2,"name":"Sekreti \u00ebsht\u00eb te marinada: Pula e skuqur q\u00eb \u00ebsht\u00eb aq e shijshme sa \u00ebsht\u00eb b\u00ebr\u00eb krenaria e kombit"}]},{"@type":"WebSite","@id":"https:\/\/kosovatimes.info\/#website","url":"https:\/\/kosovatimes.info\/","name":"Kosova Times","description":"","potentialAction":[{"@type":"SearchAction","target":{"@type":"EntryPoint","urlTemplate":"https:\/\/kosovatimes.info\/?s={search_term_string}"},"query-input":{"@type":"PropertyValueSpecification","valueRequired":true,"valueName":"search_term_string"}}],"inLanguage":"en-US"},{"@type":"Person","@id":"https:\/\/kosovatimes.info\/#\/schema\/person\/7586712b9c512fe68085de007378c915","name":"i l","image":{"@type":"ImageObject","inLanguage":"en-US","@id":"https:\/\/secure.gravatar.com\/avatar\/bad9296e02816160ae2e2435beda58222022298d5625d49fea74d18816fbb31d?s=96&d=mm&r=g","url":"https:\/\/secure.gravatar.com\/avatar\/bad9296e02816160ae2e2435beda58222022298d5625d49fea74d18816fbb31d?s=96&d=mm&r=g","contentUrl":"https:\/\/secure.gravatar.com\/avatar\/bad9296e02816160ae2e2435beda58222022298d5625d49fea74d18816fbb31d?s=96&d=mm&r=g","caption":"i l"},"url":"https:\/\/kosovatimes.info\/index.php\/author\/iliri\/"}]}},"_links":{"self":[{"href":"https:\/\/kosovatimes.info\/index.php\/wp-json\/wp\/v2\/posts\/31126","targetHints":{"allow":["GET"]}}],"collection":[{"href":"https:\/\/kosovatimes.info\/index.php\/wp-json\/wp\/v2\/posts"}],"about":[{"href":"https:\/\/kosovatimes.info\/index.php\/wp-json\/wp\/v2\/types\/post"}],"author":[{"embeddable":true,"href":"https:\/\/kosovatimes.info\/index.php\/wp-json\/wp\/v2\/users\/4"}],"replies":[{"embeddable":true,"href":"https:\/\/kosovatimes.info\/index.php\/wp-json\/wp\/v2\/comments?post=31126"}],"version-history":[{"count":1,"href":"https:\/\/kosovatimes.info\/index.php\/wp-json\/wp\/v2\/posts\/31126\/revisions"}],"predecessor-version":[{"id":31128,"href":"https:\/\/kosovatimes.info\/index.php\/wp-json\/wp\/v2\/posts\/31126\/revisions\/31128"}],"wp:featuredmedia":[{"embeddable":true,"href":"https:\/\/kosovatimes.info\/index.php\/wp-json\/wp\/v2\/media\/31127"}],"wp:attachment":[{"href":"https:\/\/kosovatimes.info\/index.php\/wp-json\/wp\/v2\/media?parent=31126"}],"wp:term":[{"taxonomy":"category","embeddable":true,"href":"https:\/\/kosovatimes.info\/index.php\/wp-json\/wp\/v2\/categories?post=31126"},{"taxonomy":"post_tag","embeddable":true,"href":"https:\/\/kosovatimes.info\/index.php\/wp-json\/wp\/v2\/tags?post=31126"}],"curies":[{"name":"wp","href":"https:\/\/api.w.org\/{rel}","templated":true}]}}