{"id":31137,"date":"2026-09-06T11:49:00","date_gmt":"2026-09-06T09:49:00","guid":{"rendered":"https:\/\/kosovatimes.info\/?p=31137"},"modified":"2026-09-06T14:57:24","modified_gmt":"2026-09-06T12:57:24","slug":"haradinaj-perkujton-hajdar-ahmetin-ne-23-vjetorin-e-renies","status":"publish","type":"post","link":"https:\/\/kosovatimes.info\/index.php\/2026\/09\/06\/haradinaj-perkujton-hajdar-ahmetin-ne-23-vjetorin-e-renies\/","title":{"rendered":"Haradinaj p\u00ebrkujton Hajdar Ahmetin n\u00eb 23-vjetorin e r\u00ebnies"},"content":{"rendered":"\n<p class=\"wp-block-paragraph\"><strong>Ish-komandanti i Zon\u00ebs Operative t\u00eb Dukagjinit dhe ish-kryetari i Aleanc\u00ebs p\u00ebr Ardhm\u00ebrin\u00eb e Kosov\u00ebs, Ramush Haradinaj, ka p\u00ebrkujtuar luft\u00ebtarin e liris\u00eb, Hajdar Ahmeti, n\u00eb 23-vjetorin e shkuarjes s\u00eb tij n\u00eb p\u00ebrjet\u00ebsi.<\/strong><\/p>\n\n\n\n<p class=\"wp-block-paragraph\">Haradinaj ka th\u00ebn\u00eb se Ahmeti ishte pjes\u00eb e nj\u00eb familjeje atdhetare dhe se iu bashkua radh\u00ebve t\u00eb Ushtris\u00eb \u00c7lirimtare t\u00eb Kosov\u00ebs s\u00eb bashku me baban\u00eb e tij, Hasanin.<\/p>\n\n\n\n<p class=\"wp-block-paragraph\">Sipas Haradinajt, kontributin p\u00ebr atdheun Hajdar Ahmeti e vazhdoi edhe n\u00eb uniform\u00ebn e Policis\u00eb s\u00eb Kosov\u00ebs, deri n\u00eb momentin kur u nda nga jeta.<\/p>\n\n\n\n<p class=\"wp-block-paragraph\">\u201cSot, me nderim dhe respekt, kujtuam vepr\u00ebn jet\u00ebsore n\u00eb sh\u00ebrbim t\u00eb atdheut t\u00eb luft\u00ebtarit t\u00eb liris\u00eb, Hajdar Ahmeti, n\u00eb 23-vjetorin e shkuarjes s\u00eb tij n\u00eb p\u00ebrjet\u00ebsi\u201d, ka shkruar Haradinaj.<\/p>\n\n\n\n<p class=\"wp-block-paragraph\">Ai ka b\u00ebr\u00eb t\u00eb ditur se bashk\u00eb me bashk\u00ebluft\u00ebtar\u00eb dhe banor\u00eb mori pjes\u00eb edhe n\u00eb zbulimin e pllak\u00ebs s\u00eb Shtabit Lokal t\u00eb U\u00c7K-s\u00eb n\u00eb fshatin Berjah.<\/p>\n\n\n\n<p class=\"wp-block-paragraph\">Haradinaj ka vler\u00ebsuar kontributin e banor\u00ebve dhe luft\u00ebtar\u00ebve t\u00eb k\u00ebsaj treve, duke th\u00ebn\u00eb se ajo i doli zot atdheut dhe dha d\u00ebshmor\u00eb e luft\u00ebtar\u00eb t\u00eb shquar.<\/p>\n\n\n\n<p class=\"wp-block-paragraph\">\u201cLavdi e p\u00ebrjetshme vepr\u00ebs dhe kujtimit t\u00eb Hajdar Ahmetit dhe t\u00eb gjith\u00eb atyre q\u00eb dhan\u00eb gjith\u00e7ka p\u00ebr lirin\u00eb e Kosov\u00ebs\u201d, ka p\u00ebrfunduar Haradinaj.<\/p>\n\n\n\n<iframe loading=\"lazy\" src=\"https:\/\/www.facebook.com\/plugins\/post.php?href=https%3A%2F%2Fwww.facebook.com%2FRamushHaradinajOfficial%2Fposts%2Fpfbid039nWdbiQbdxHbQ14Aq48pw3symjhUEkAu6EBF4LSt8hibVwcNe484u2hMdJVpbyyl&#038;show_text=true&#038;width=500\" width=\"500\" height=\"812\" style=\"border:none;overflow:hidden\" scrolling=\"no\" frameborder=\"0\" allowfullscreen=\"true\" allow=\"autoplay; clipboard-write; encrypted-media; picture-in-picture; web-share\"><\/iframe>\n","protected":false},"excerpt":{"rendered":"<p>Ish-komandanti i Zon\u00ebs Operative t\u00eb Dukagjinit dhe ish-kryetari i Aleanc\u00ebs p\u00ebr Ardhm\u00ebrin\u00eb e Kosov\u00ebs, Ramush Haradinaj, ka p\u00ebrkujtuar luft\u00ebtarin e liris\u00eb, Hajdar Ahmeti, n\u00eb 23-vjetorin e shkuarjes s\u00eb tij n\u00eb p\u00ebrjet\u00ebsi. Haradinaj ka th\u00ebn\u00eb se Ahmeti ishte pjes\u00eb e nj\u00eb familjeje atdhetare dhe se iu bashkua radh\u00ebve t\u00eb Ushtris\u00eb \u00c7lirimtare t\u00eb Kosov\u00ebs s\u00eb bashku me [&hellip;]<\/p>\n","protected":false},"author":4,"featured_media":31138,"comment_status":"open","ping_status":"open","sticky":false,"template":"","format":"standard","meta":{"footnotes":""},"categories":[31,30],"tags":[],"class_list":["post-31137","post","type-post","status-publish","format-standard","has-post-thumbnail","category-kosove","category-lajme"],"yoast_head":"<!-- This site is optimized with the Yoast SEO plugin v27.4 - https:\/\/yoast.com\/product\/yoast-seo-wordpress\/ -->\n<title>Haradinaj p\u00ebrkujton Hajdar Ahmetin n\u00eb 23-vjetorin e r\u00ebnies - Kosova Times<\/title>\n<meta name=\"robots\" content=\"index, follow, max-snippet:-1, max-image-preview:large, max-video-preview:-1\" \/>\n<link rel=\"canonical\" href=\"https:\/\/kosovatimes.info\/index.php\/2026\/09\/06\/haradinaj-perkujton-hajdar-ahmetin-ne-23-vjetorin-e-renies\/\" \/>\n<meta property=\"og:locale\" content=\"en_US\" \/>\n<meta property=\"og:type\" content=\"article\" \/>\n<meta property=\"og:title\" content=\"Haradinaj p\u00ebrkujton Hajdar Ahmetin n\u00eb 23-vjetorin e r\u00ebnies - Kosova Times\" \/>\n<meta property=\"og:description\" content=\"Ish-komandanti i Zon\u00ebs Operative t\u00eb Dukagjinit dhe ish-kryetari i Aleanc\u00ebs p\u00ebr Ardhm\u00ebrin\u00eb e Kosov\u00ebs, Ramush Haradinaj, ka p\u00ebrkujtuar luft\u00ebtarin e liris\u00eb, Hajdar Ahmeti, n\u00eb 23-vjetorin e shkuarjes s\u00eb tij n\u00eb p\u00ebrjet\u00ebsi. Haradinaj ka th\u00ebn\u00eb se Ahmeti ishte pjes\u00eb e nj\u00eb familjeje atdhetare dhe se iu bashkua radh\u00ebve t\u00eb Ushtris\u00eb \u00c7lirimtare t\u00eb Kosov\u00ebs s\u00eb bashku me [&hellip;]\" \/>\n<meta property=\"og:url\" content=\"https:\/\/kosovatimes.info\/index.php\/2026\/09\/06\/haradinaj-perkujton-hajdar-ahmetin-ne-23-vjetorin-e-renies\/\" \/>\n<meta property=\"og:site_name\" content=\"Kosova Times\" \/>\n<meta property=\"article:published_time\" content=\"2026-09-06T09:49:00+00:00\" \/>\n<meta property=\"article:modified_time\" content=\"2026-09-06T12:57:24+00:00\" \/>\n<meta property=\"og:image\" content=\"https:\/\/kosovatimes.info\/wp-content\/uploads\/2026\/09\/ramush.jpg\" \/>\n\t<meta property=\"og:image:width\" content=\"780\" \/>\n\t<meta property=\"og:image:height\" content=\"500\" \/>\n\t<meta property=\"og:image:type\" content=\"image\/jpeg\" \/>\n<meta name=\"author\" content=\"i l\" \/>\n<meta name=\"twitter:card\" content=\"summary_large_image\" \/>\n<meta name=\"twitter:label1\" content=\"Written by\" \/>\n\t<meta name=\"twitter:data1\" content=\"i l\" \/>\n\t<meta name=\"twitter:label2\" content=\"Est. reading time\" \/>\n\t<meta name=\"twitter:data2\" content=\"2 minutes\" \/>\n<script type=\"application\/ld+json\" class=\"yoast-schema-graph\">{\"@context\":\"https:\\\/\\\/schema.org\",\"@graph\":[{\"@type\":\"Article\",\"@id\":\"https:\\\/\\\/kosovatimes.info\\\/index.php\\\/2026\\\/09\\\/06\\\/haradinaj-perkujton-hajdar-ahmetin-ne-23-vjetorin-e-renies\\\/#article\",\"isPartOf\":{\"@id\":\"https:\\\/\\\/kosovatimes.info\\\/index.php\\\/2026\\\/09\\\/06\\\/haradinaj-perkujton-hajdar-ahmetin-ne-23-vjetorin-e-renies\\\/\"},\"author\":{\"name\":\"i l\",\"@id\":\"https:\\\/\\\/kosovatimes.info\\\/#\\\/schema\\\/person\\\/7586712b9c512fe68085de007378c915\"},\"headline\":\"Haradinaj p\u00ebrkujton Hajdar Ahmetin n\u00eb 23-vjetorin e r\u00ebnies\",\"datePublished\":\"2026-09-06T09:49:00+00:00\",\"dateModified\":\"2026-09-06T12:57:24+00:00\",\"mainEntityOfPage\":{\"@id\":\"https:\\\/\\\/kosovatimes.info\\\/index.php\\\/2026\\\/09\\\/06\\\/haradinaj-perkujton-hajdar-ahmetin-ne-23-vjetorin-e-renies\\\/\"},\"wordCount\":237,\"commentCount\":0,\"image\":{\"@id\":\"https:\\\/\\\/kosovatimes.info\\\/index.php\\\/2026\\\/09\\\/06\\\/haradinaj-perkujton-hajdar-ahmetin-ne-23-vjetorin-e-renies\\\/#primaryimage\"},\"thumbnailUrl\":\"https:\\\/\\\/kosovatimes.info\\\/wp-content\\\/uploads\\\/2026\\\/09\\\/ramush.jpg\",\"articleSection\":[\"Kosov\u00eb\",\"Lajme\"],\"inLanguage\":\"en-US\",\"potentialAction\":[{\"@type\":\"CommentAction\",\"name\":\"Comment\",\"target\":[\"https:\\\/\\\/kosovatimes.info\\\/index.php\\\/2026\\\/09\\\/06\\\/haradinaj-perkujton-hajdar-ahmetin-ne-23-vjetorin-e-renies\\\/#respond\"]}]},{\"@type\":\"WebPage\",\"@id\":\"https:\\\/\\\/kosovatimes.info\\\/index.php\\\/2026\\\/09\\\/06\\\/haradinaj-perkujton-hajdar-ahmetin-ne-23-vjetorin-e-renies\\\/\",\"url\":\"https:\\\/\\\/kosovatimes.info\\\/index.php\\\/2026\\\/09\\\/06\\\/haradinaj-perkujton-hajdar-ahmetin-ne-23-vjetorin-e-renies\\\/\",\"name\":\"Haradinaj p\u00ebrkujton Hajdar Ahmetin n\u00eb 23-vjetorin e r\u00ebnies - Kosova Times\",\"isPartOf\":{\"@id\":\"https:\\\/\\\/kosovatimes.info\\\/#website\"},\"primaryImageOfPage\":{\"@id\":\"https:\\\/\\\/kosovatimes.info\\\/index.php\\\/2026\\\/09\\\/06\\\/haradinaj-perkujton-hajdar-ahmetin-ne-23-vjetorin-e-renies\\\/#primaryimage\"},\"image\":{\"@id\":\"https:\\\/\\\/kosovatimes.info\\\/index.php\\\/2026\\\/09\\\/06\\\/haradinaj-perkujton-hajdar-ahmetin-ne-23-vjetorin-e-renies\\\/#primaryimage\"},\"thumbnailUrl\":\"https:\\\/\\\/kosovatimes.info\\\/wp-content\\\/uploads\\\/2026\\\/09\\\/ramush.jpg\",\"datePublished\":\"2026-09-06T09:49:00+00:00\",\"dateModified\":\"2026-09-06T12:57:24+00:00\",\"author\":{\"@id\":\"https:\\\/\\\/kosovatimes.info\\\/#\\\/schema\\\/person\\\/7586712b9c512fe68085de007378c915\"},\"breadcrumb\":{\"@id\":\"https:\\\/\\\/kosovatimes.info\\\/index.php\\\/2026\\\/09\\\/06\\\/haradinaj-perkujton-hajdar-ahmetin-ne-23-vjetorin-e-renies\\\/#breadcrumb\"},\"inLanguage\":\"en-US\",\"potentialAction\":[{\"@type\":\"ReadAction\",\"target\":[\"https:\\\/\\\/kosovatimes.info\\\/index.php\\\/2026\\\/09\\\/06\\\/haradinaj-perkujton-hajdar-ahmetin-ne-23-vjetorin-e-renies\\\/\"]}]},{\"@type\":\"ImageObject\",\"inLanguage\":\"en-US\",\"@id\":\"https:\\\/\\\/kosovatimes.info\\\/index.php\\\/2026\\\/09\\\/06\\\/haradinaj-perkujton-hajdar-ahmetin-ne-23-vjetorin-e-renies\\\/#primaryimage\",\"url\":\"https:\\\/\\\/kosovatimes.info\\\/wp-content\\\/uploads\\\/2026\\\/09\\\/ramush.jpg\",\"contentUrl\":\"https:\\\/\\\/kosovatimes.info\\\/wp-content\\\/uploads\\\/2026\\\/09\\\/ramush.jpg\",\"width\":780,\"height\":500},{\"@type\":\"BreadcrumbList\",\"@id\":\"https:\\\/\\\/kosovatimes.info\\\/index.php\\\/2026\\\/09\\\/06\\\/haradinaj-perkujton-hajdar-ahmetin-ne-23-vjetorin-e-renies\\\/#breadcrumb\",\"itemListElement\":[{\"@type\":\"ListItem\",\"position\":1,\"name\":\"Home\",\"item\":\"https:\\\/\\\/kosovatimes.info\\\/\"},{\"@type\":\"ListItem\",\"position\":2,\"name\":\"Haradinaj p\u00ebrkujton Hajdar Ahmetin n\u00eb 23-vjetorin e r\u00ebnies\"}]},{\"@type\":\"WebSite\",\"@id\":\"https:\\\/\\\/kosovatimes.info\\\/#website\",\"url\":\"https:\\\/\\\/kosovatimes.info\\\/\",\"name\":\"Kosova Times\",\"description\":\"\",\"potentialAction\":[{\"@type\":\"SearchAction\",\"target\":{\"@type\":\"EntryPoint\",\"urlTemplate\":\"https:\\\/\\\/kosovatimes.info\\\/?s={search_term_string}\"},\"query-input\":{\"@type\":\"PropertyValueSpecification\",\"valueRequired\":true,\"valueName\":\"search_term_string\"}}],\"inLanguage\":\"en-US\"},{\"@type\":\"Person\",\"@id\":\"https:\\\/\\\/kosovatimes.info\\\/#\\\/schema\\\/person\\\/7586712b9c512fe68085de007378c915\",\"name\":\"i l\",\"image\":{\"@type\":\"ImageObject\",\"inLanguage\":\"en-US\",\"@id\":\"https:\\\/\\\/secure.gravatar.com\\\/avatar\\\/bad9296e02816160ae2e2435beda58222022298d5625d49fea74d18816fbb31d?s=96&d=mm&r=g\",\"url\":\"https:\\\/\\\/secure.gravatar.com\\\/avatar\\\/bad9296e02816160ae2e2435beda58222022298d5625d49fea74d18816fbb31d?s=96&d=mm&r=g\",\"contentUrl\":\"https:\\\/\\\/secure.gravatar.com\\\/avatar\\\/bad9296e02816160ae2e2435beda58222022298d5625d49fea74d18816fbb31d?s=96&d=mm&r=g\",\"caption\":\"i l\"},\"url\":\"https:\\\/\\\/kosovatimes.info\\\/index.php\\\/author\\\/iliri\\\/\"}]}<\/script>\n<!-- \/ Yoast SEO plugin. -->","yoast_head_json":{"title":"Haradinaj p\u00ebrkujton Hajdar Ahmetin n\u00eb 23-vjetorin e r\u00ebnies - Kosova Times","robots":{"index":"index","follow":"follow","max-snippet":"max-snippet:-1","max-image-preview":"max-image-preview:large","max-video-preview":"max-video-preview:-1"},"canonical":"https:\/\/kosovatimes.info\/index.php\/2026\/09\/06\/haradinaj-perkujton-hajdar-ahmetin-ne-23-vjetorin-e-renies\/","og_locale":"en_US","og_type":"article","og_title":"Haradinaj p\u00ebrkujton Hajdar Ahmetin n\u00eb 23-vjetorin e r\u00ebnies - Kosova Times","og_description":"Ish-komandanti i Zon\u00ebs Operative t\u00eb Dukagjinit dhe ish-kryetari i Aleanc\u00ebs p\u00ebr Ardhm\u00ebrin\u00eb e Kosov\u00ebs, Ramush Haradinaj, ka p\u00ebrkujtuar luft\u00ebtarin e liris\u00eb, Hajdar Ahmeti, n\u00eb 23-vjetorin e shkuarjes s\u00eb tij n\u00eb p\u00ebrjet\u00ebsi. Haradinaj ka th\u00ebn\u00eb se Ahmeti ishte pjes\u00eb e nj\u00eb familjeje atdhetare dhe se iu bashkua radh\u00ebve t\u00eb Ushtris\u00eb \u00c7lirimtare t\u00eb Kosov\u00ebs s\u00eb bashku me [&hellip;]","og_url":"https:\/\/kosovatimes.info\/index.php\/2026\/09\/06\/haradinaj-perkujton-hajdar-ahmetin-ne-23-vjetorin-e-renies\/","og_site_name":"Kosova Times","article_published_time":"2026-09-06T09:49:00+00:00","article_modified_time":"2026-09-06T12:57:24+00:00","og_image":[{"width":780,"height":500,"url":"https:\/\/kosovatimes.info\/wp-content\/uploads\/2026\/09\/ramush.jpg","type":"image\/jpeg"}],"author":"i l","twitter_card":"summary_large_image","twitter_misc":{"Written by":"i l","Est. reading time":"2 minutes"},"schema":{"@context":"https:\/\/schema.org","@graph":[{"@type":"Article","@id":"https:\/\/kosovatimes.info\/index.php\/2026\/09\/06\/haradinaj-perkujton-hajdar-ahmetin-ne-23-vjetorin-e-renies\/#article","isPartOf":{"@id":"https:\/\/kosovatimes.info\/index.php\/2026\/09\/06\/haradinaj-perkujton-hajdar-ahmetin-ne-23-vjetorin-e-renies\/"},"author":{"name":"i l","@id":"https:\/\/kosovatimes.info\/#\/schema\/person\/7586712b9c512fe68085de007378c915"},"headline":"Haradinaj p\u00ebrkujton Hajdar Ahmetin n\u00eb 23-vjetorin e r\u00ebnies","datePublished":"2026-09-06T09:49:00+00:00","dateModified":"2026-09-06T12:57:24+00:00","mainEntityOfPage":{"@id":"https:\/\/kosovatimes.info\/index.php\/2026\/09\/06\/haradinaj-perkujton-hajdar-ahmetin-ne-23-vjetorin-e-renies\/"},"wordCount":237,"commentCount":0,"image":{"@id":"https:\/\/kosovatimes.info\/index.php\/2026\/09\/06\/haradinaj-perkujton-hajdar-ahmetin-ne-23-vjetorin-e-renies\/#primaryimage"},"thumbnailUrl":"https:\/\/kosovatimes.info\/wp-content\/uploads\/2026\/09\/ramush.jpg","articleSection":["Kosov\u00eb","Lajme"],"inLanguage":"en-US","potentialAction":[{"@type":"CommentAction","name":"Comment","target":["https:\/\/kosovatimes.info\/index.php\/2026\/09\/06\/haradinaj-perkujton-hajdar-ahmetin-ne-23-vjetorin-e-renies\/#respond"]}]},{"@type":"WebPage","@id":"https:\/\/kosovatimes.info\/index.php\/2026\/09\/06\/haradinaj-perkujton-hajdar-ahmetin-ne-23-vjetorin-e-renies\/","url":"https:\/\/kosovatimes.info\/index.php\/2026\/09\/06\/haradinaj-perkujton-hajdar-ahmetin-ne-23-vjetorin-e-renies\/","name":"Haradinaj p\u00ebrkujton Hajdar Ahmetin n\u00eb 23-vjetorin e r\u00ebnies - Kosova Times","isPartOf":{"@id":"https:\/\/kosovatimes.info\/#website"},"primaryImageOfPage":{"@id":"https:\/\/kosovatimes.info\/index.php\/2026\/09\/06\/haradinaj-perkujton-hajdar-ahmetin-ne-23-vjetorin-e-renies\/#primaryimage"},"image":{"@id":"https:\/\/kosovatimes.info\/index.php\/2026\/09\/06\/haradinaj-perkujton-hajdar-ahmetin-ne-23-vjetorin-e-renies\/#primaryimage"},"thumbnailUrl":"https:\/\/kosovatimes.info\/wp-content\/uploads\/2026\/09\/ramush.jpg","datePublished":"2026-09-06T09:49:00+00:00","dateModified":"2026-09-06T12:57:24+00:00","author":{"@id":"https:\/\/kosovatimes.info\/#\/schema\/person\/7586712b9c512fe68085de007378c915"},"breadcrumb":{"@id":"https:\/\/kosovatimes.info\/index.php\/2026\/09\/06\/haradinaj-perkujton-hajdar-ahmetin-ne-23-vjetorin-e-renies\/#breadcrumb"},"inLanguage":"en-US","potentialAction":[{"@type":"ReadAction","target":["https:\/\/kosovatimes.info\/index.php\/2026\/09\/06\/haradinaj-perkujton-hajdar-ahmetin-ne-23-vjetorin-e-renies\/"]}]},{"@type":"ImageObject","inLanguage":"en-US","@id":"https:\/\/kosovatimes.info\/index.php\/2026\/09\/06\/haradinaj-perkujton-hajdar-ahmetin-ne-23-vjetorin-e-renies\/#primaryimage","url":"https:\/\/kosovatimes.info\/wp-content\/uploads\/2026\/09\/ramush.jpg","contentUrl":"https:\/\/kosovatimes.info\/wp-content\/uploads\/2026\/09\/ramush.jpg","width":780,"height":500},{"@type":"BreadcrumbList","@id":"https:\/\/kosovatimes.info\/index.php\/2026\/09\/06\/haradinaj-perkujton-hajdar-ahmetin-ne-23-vjetorin-e-renies\/#breadcrumb","itemListElement":[{"@type":"ListItem","position":1,"name":"Home","item":"https:\/\/kosovatimes.info\/"},{"@type":"ListItem","position":2,"name":"Haradinaj p\u00ebrkujton Hajdar Ahmetin n\u00eb 23-vjetorin e r\u00ebnies"}]},{"@type":"WebSite","@id":"https:\/\/kosovatimes.info\/#website","url":"https:\/\/kosovatimes.info\/","name":"Kosova Times","description":"","potentialAction":[{"@type":"SearchAction","target":{"@type":"EntryPoint","urlTemplate":"https:\/\/kosovatimes.info\/?s={search_term_string}"},"query-input":{"@type":"PropertyValueSpecification","valueRequired":true,"valueName":"search_term_string"}}],"inLanguage":"en-US"},{"@type":"Person","@id":"https:\/\/kosovatimes.info\/#\/schema\/person\/7586712b9c512fe68085de007378c915","name":"i l","image":{"@type":"ImageObject","inLanguage":"en-US","@id":"https:\/\/secure.gravatar.com\/avatar\/bad9296e02816160ae2e2435beda58222022298d5625d49fea74d18816fbb31d?s=96&d=mm&r=g","url":"https:\/\/secure.gravatar.com\/avatar\/bad9296e02816160ae2e2435beda58222022298d5625d49fea74d18816fbb31d?s=96&d=mm&r=g","contentUrl":"https:\/\/secure.gravatar.com\/avatar\/bad9296e02816160ae2e2435beda58222022298d5625d49fea74d18816fbb31d?s=96&d=mm&r=g","caption":"i l"},"url":"https:\/\/kosovatimes.info\/index.php\/author\/iliri\/"}]}},"_links":{"self":[{"href":"https:\/\/kosovatimes.info\/index.php\/wp-json\/wp\/v2\/posts\/31137","targetHints":{"allow":["GET"]}}],"collection":[{"href":"https:\/\/kosovatimes.info\/index.php\/wp-json\/wp\/v2\/posts"}],"about":[{"href":"https:\/\/kosovatimes.info\/index.php\/wp-json\/wp\/v2\/types\/post"}],"author":[{"embeddable":true,"href":"https:\/\/kosovatimes.info\/index.php\/wp-json\/wp\/v2\/users\/4"}],"replies":[{"embeddable":true,"href":"https:\/\/kosovatimes.info\/index.php\/wp-json\/wp\/v2\/comments?post=31137"}],"version-history":[{"count":1,"href":"https:\/\/kosovatimes.info\/index.php\/wp-json\/wp\/v2\/posts\/31137\/revisions"}],"predecessor-version":[{"id":31139,"href":"https:\/\/kosovatimes.info\/index.php\/wp-json\/wp\/v2\/posts\/31137\/revisions\/31139"}],"wp:featuredmedia":[{"embeddable":true,"href":"https:\/\/kosovatimes.info\/index.php\/wp-json\/wp\/v2\/media\/31138"}],"wp:attachment":[{"href":"https:\/\/kosovatimes.info\/index.php\/wp-json\/wp\/v2\/media?parent=31137"}],"wp:term":[{"taxonomy":"category","embeddable":true,"href":"https:\/\/kosovatimes.info\/index.php\/wp-json\/wp\/v2\/categories?post=31137"},{"taxonomy":"post_tag","embeddable":true,"href":"https:\/\/kosovatimes.info\/index.php\/wp-json\/wp\/v2\/tags?post=31137"}],"curies":[{"name":"wp","href":"https:\/\/api.w.org\/{rel}","templated":true}]}}