{"id":31143,"date":"2026-09-06T15:00:04","date_gmt":"2026-09-06T13:00:04","guid":{"rendered":"https:\/\/kosovatimes.info\/?p=31143"},"modified":"2026-09-06T15:00:06","modified_gmt":"2026-09-06T13:00:06","slug":"bisedimet-e-zelenskyy-t-me-wittkoff-dhe-kushner-filluan-ne-kiev","status":"publish","type":"post","link":"https:\/\/kosovatimes.info\/index.php\/2026\/09\/06\/bisedimet-e-zelenskyy-t-me-wittkoff-dhe-kushner-filluan-ne-kiev\/","title":{"rendered":"Bisedimet e Zelenskyy-t me Wittkoff dhe Kushner filluan n\u00eb Kiev"},"content":{"rendered":"\n<p class=\"wp-block-paragraph\">Bisedimet midis Presidentit ukrainas Volodymyr Zelenskyy dhe t\u00eb D\u00ebrguarve Special\u00eb Presidencial\u00eb t\u00eb SHBA-s\u00eb Steve Whitkoff dhe Jared Kushner filluan n\u00eb Kiev.<\/p>\n\n\n\n<p class=\"wp-block-paragraph\">Witkoff dhe Kushner mb\u00ebrrit\u00ebn me tren nga Polonia m\u00eb 6 shtator p\u00ebr bisedime mbi p\u00ebrfundimin e luft\u00ebs. Kjo \u00ebsht\u00eb&nbsp;<a href=\"https:\/\/www.radiosvoboda.org\/a\/news-vitkoff-kushner-kyiv\/33847949.html\" target=\"_blank\" rel=\"noopener\">vizita e tyre e par\u00eb<\/a>&nbsp;te Presidenti ukrainas Volodymyr Zelenskyy.<\/p>\n\n\n\n<p class=\"wp-block-paragraph\">N\u00eb stacionin e trenit, p\u00ebrfaq\u00ebsuesit amerikan\u00eb u prit\u00ebn nga kreu i Zyr\u00ebs s\u00eb Presidentit t\u00eb Ukrain\u00ebs, Kyrylo Budanov; kreu i Sh\u00ebrbimit t\u00eb Inteligjenc\u00ebs s\u00eb Jashtme, Rustem Umerov; dhe kreu i fraksionit Sh\u00ebrb\u00ebtor i Popullit n\u00eb Verkhovna Rada, David Arakhamia. Witkoff dhe Kushner u takuan m\u00eb von\u00eb me Zelenskyy.<\/p>\n\n\n\n<p class=\"wp-block-paragraph\">P\u00ebrpara bisedimeve, presidenti ukrainas zhvilloi nj\u00eb takim me ekipin negociator. Ai tha se Kievi kishte p\u00ebrgatitur propozimet e tij p\u00ebr takimin me p\u00ebrfaq\u00ebsuesit e Presidentit t\u00eb SHBA-s\u00eb, Donald Trump.<\/p>\n\n\n\n<p class=\"wp-block-paragraph\">Sipas&nbsp;<a href=\"https:\/\/www.reuters.com\/business\/aerospace-defense\/us-envoys-make-first-kyiv-visit-amid-ukraine-war-peace-push-2026-09-06\/\" target=\"_blank\" rel=\"noopener\">Reuters<\/a>&nbsp;, k\u00ebshilltar\u00ebt e siguris\u00eb komb\u00ebtare nga Britania e Madhe, Franca dhe Gjermania mb\u00ebrrit\u00ebn gjithashtu n\u00eb Kiev p\u00ebr t&#8217;u takuar me nd\u00ebrmjet\u00ebsuesit amerikan\u00eb dhe Zelensky-n.<\/p>\n","protected":false},"excerpt":{"rendered":"<p>Bisedimet midis Presidentit ukrainas Volodymyr Zelenskyy dhe t\u00eb D\u00ebrguarve Special\u00eb Presidencial\u00eb t\u00eb SHBA-s\u00eb Steve Whitkoff dhe Jared Kushner filluan n\u00eb Kiev. Witkoff dhe Kushner mb\u00ebrrit\u00ebn me tren nga Polonia m\u00eb 6 shtator p\u00ebr bisedime mbi p\u00ebrfundimin e luft\u00ebs. Kjo \u00ebsht\u00eb&nbsp;vizita e tyre e par\u00eb&nbsp;te Presidenti ukrainas Volodymyr Zelenskyy. N\u00eb stacionin e trenit, p\u00ebrfaq\u00ebsuesit amerikan\u00eb u [&hellip;]<\/p>\n","protected":false},"author":4,"featured_media":31144,"comment_status":"open","ping_status":"open","sticky":false,"template":"","format":"standard","meta":{"footnotes":""},"categories":[33,30],"tags":[],"class_list":["post-31143","post","type-post","status-publish","format-standard","has-post-thumbnail","category-bote","category-lajme"],"yoast_head":"<!-- This site is optimized with the Yoast SEO plugin v27.4 - https:\/\/yoast.com\/product\/yoast-seo-wordpress\/ -->\n<title>Bisedimet e Zelenskyy-t me Wittkoff dhe Kushner filluan n\u00eb Kiev - Kosova Times<\/title>\n<meta name=\"robots\" content=\"index, follow, max-snippet:-1, max-image-preview:large, max-video-preview:-1\" \/>\n<link rel=\"canonical\" href=\"https:\/\/kosovatimes.info\/index.php\/2026\/09\/06\/bisedimet-e-zelenskyy-t-me-wittkoff-dhe-kushner-filluan-ne-kiev\/\" \/>\n<meta property=\"og:locale\" content=\"en_US\" \/>\n<meta property=\"og:type\" content=\"article\" \/>\n<meta property=\"og:title\" content=\"Bisedimet e Zelenskyy-t me Wittkoff dhe Kushner filluan n\u00eb Kiev - Kosova Times\" \/>\n<meta property=\"og:description\" content=\"Bisedimet midis Presidentit ukrainas Volodymyr Zelenskyy dhe t\u00eb D\u00ebrguarve Special\u00eb Presidencial\u00eb t\u00eb SHBA-s\u00eb Steve Whitkoff dhe Jared Kushner filluan n\u00eb Kiev. Witkoff dhe Kushner mb\u00ebrrit\u00ebn me tren nga Polonia m\u00eb 6 shtator p\u00ebr bisedime mbi p\u00ebrfundimin e luft\u00ebs. Kjo \u00ebsht\u00eb&nbsp;vizita e tyre e par\u00eb&nbsp;te Presidenti ukrainas Volodymyr Zelenskyy. N\u00eb stacionin e trenit, p\u00ebrfaq\u00ebsuesit amerikan\u00eb u [&hellip;]\" \/>\n<meta property=\"og:url\" content=\"https:\/\/kosovatimes.info\/index.php\/2026\/09\/06\/bisedimet-e-zelenskyy-t-me-wittkoff-dhe-kushner-filluan-ne-kiev\/\" \/>\n<meta property=\"og:site_name\" content=\"Kosova Times\" \/>\n<meta property=\"article:published_time\" content=\"2026-09-06T13:00:04+00:00\" \/>\n<meta property=\"article:modified_time\" content=\"2026-09-06T13:00:06+00:00\" \/>\n<meta name=\"author\" content=\"i l\" \/>\n<meta name=\"twitter:card\" content=\"summary_large_image\" \/>\n<meta name=\"twitter:label1\" content=\"Written by\" \/>\n\t<meta name=\"twitter:data1\" content=\"i l\" \/>\n\t<meta name=\"twitter:label2\" content=\"Est. reading time\" \/>\n\t<meta name=\"twitter:data2\" content=\"1 minute\" \/>\n<script type=\"application\/ld+json\" class=\"yoast-schema-graph\">{\"@context\":\"https:\\\/\\\/schema.org\",\"@graph\":[{\"@type\":\"Article\",\"@id\":\"https:\\\/\\\/kosovatimes.info\\\/index.php\\\/2026\\\/09\\\/06\\\/bisedimet-e-zelenskyy-t-me-wittkoff-dhe-kushner-filluan-ne-kiev\\\/#article\",\"isPartOf\":{\"@id\":\"https:\\\/\\\/kosovatimes.info\\\/index.php\\\/2026\\\/09\\\/06\\\/bisedimet-e-zelenskyy-t-me-wittkoff-dhe-kushner-filluan-ne-kiev\\\/\"},\"author\":{\"name\":\"i l\",\"@id\":\"https:\\\/\\\/kosovatimes.info\\\/#\\\/schema\\\/person\\\/7586712b9c512fe68085de007378c915\"},\"headline\":\"Bisedimet e Zelenskyy-t me Wittkoff dhe Kushner filluan n\u00eb Kiev\",\"datePublished\":\"2026-09-06T13:00:04+00:00\",\"dateModified\":\"2026-09-06T13:00:06+00:00\",\"mainEntityOfPage\":{\"@id\":\"https:\\\/\\\/kosovatimes.info\\\/index.php\\\/2026\\\/09\\\/06\\\/bisedimet-e-zelenskyy-t-me-wittkoff-dhe-kushner-filluan-ne-kiev\\\/\"},\"wordCount\":194,\"commentCount\":0,\"image\":{\"@id\":\"https:\\\/\\\/kosovatimes.info\\\/index.php\\\/2026\\\/09\\\/06\\\/bisedimet-e-zelenskyy-t-me-wittkoff-dhe-kushner-filluan-ne-kiev\\\/#primaryimage\"},\"thumbnailUrl\":\"https:\\\/\\\/kosovatimes.info\\\/wp-content\\\/uploads\\\/2026\\\/09\\\/zelenski.avif\",\"articleSection\":[\"Bot\u00eb\",\"Lajme\"],\"inLanguage\":\"en-US\",\"potentialAction\":[{\"@type\":\"CommentAction\",\"name\":\"Comment\",\"target\":[\"https:\\\/\\\/kosovatimes.info\\\/index.php\\\/2026\\\/09\\\/06\\\/bisedimet-e-zelenskyy-t-me-wittkoff-dhe-kushner-filluan-ne-kiev\\\/#respond\"]}]},{\"@type\":\"WebPage\",\"@id\":\"https:\\\/\\\/kosovatimes.info\\\/index.php\\\/2026\\\/09\\\/06\\\/bisedimet-e-zelenskyy-t-me-wittkoff-dhe-kushner-filluan-ne-kiev\\\/\",\"url\":\"https:\\\/\\\/kosovatimes.info\\\/index.php\\\/2026\\\/09\\\/06\\\/bisedimet-e-zelenskyy-t-me-wittkoff-dhe-kushner-filluan-ne-kiev\\\/\",\"name\":\"Bisedimet e Zelenskyy-t me Wittkoff dhe Kushner filluan n\u00eb Kiev - Kosova Times\",\"isPartOf\":{\"@id\":\"https:\\\/\\\/kosovatimes.info\\\/#website\"},\"primaryImageOfPage\":{\"@id\":\"https:\\\/\\\/kosovatimes.info\\\/index.php\\\/2026\\\/09\\\/06\\\/bisedimet-e-zelenskyy-t-me-wittkoff-dhe-kushner-filluan-ne-kiev\\\/#primaryimage\"},\"image\":{\"@id\":\"https:\\\/\\\/kosovatimes.info\\\/index.php\\\/2026\\\/09\\\/06\\\/bisedimet-e-zelenskyy-t-me-wittkoff-dhe-kushner-filluan-ne-kiev\\\/#primaryimage\"},\"thumbnailUrl\":\"https:\\\/\\\/kosovatimes.info\\\/wp-content\\\/uploads\\\/2026\\\/09\\\/zelenski.avif\",\"datePublished\":\"2026-09-06T13:00:04+00:00\",\"dateModified\":\"2026-09-06T13:00:06+00:00\",\"author\":{\"@id\":\"https:\\\/\\\/kosovatimes.info\\\/#\\\/schema\\\/person\\\/7586712b9c512fe68085de007378c915\"},\"breadcrumb\":{\"@id\":\"https:\\\/\\\/kosovatimes.info\\\/index.php\\\/2026\\\/09\\\/06\\\/bisedimet-e-zelenskyy-t-me-wittkoff-dhe-kushner-filluan-ne-kiev\\\/#breadcrumb\"},\"inLanguage\":\"en-US\",\"potentialAction\":[{\"@type\":\"ReadAction\",\"target\":[\"https:\\\/\\\/kosovatimes.info\\\/index.php\\\/2026\\\/09\\\/06\\\/bisedimet-e-zelenskyy-t-me-wittkoff-dhe-kushner-filluan-ne-kiev\\\/\"]}]},{\"@type\":\"ImageObject\",\"inLanguage\":\"en-US\",\"@id\":\"https:\\\/\\\/kosovatimes.info\\\/index.php\\\/2026\\\/09\\\/06\\\/bisedimet-e-zelenskyy-t-me-wittkoff-dhe-kushner-filluan-ne-kiev\\\/#primaryimage\",\"url\":\"https:\\\/\\\/kosovatimes.info\\\/wp-content\\\/uploads\\\/2026\\\/09\\\/zelenski.avif\",\"contentUrl\":\"https:\\\/\\\/kosovatimes.info\\\/wp-content\\\/uploads\\\/2026\\\/09\\\/zelenski.avif\",\"width\":1023,\"height\":575},{\"@type\":\"BreadcrumbList\",\"@id\":\"https:\\\/\\\/kosovatimes.info\\\/index.php\\\/2026\\\/09\\\/06\\\/bisedimet-e-zelenskyy-t-me-wittkoff-dhe-kushner-filluan-ne-kiev\\\/#breadcrumb\",\"itemListElement\":[{\"@type\":\"ListItem\",\"position\":1,\"name\":\"Home\",\"item\":\"https:\\\/\\\/kosovatimes.info\\\/\"},{\"@type\":\"ListItem\",\"position\":2,\"name\":\"Bisedimet e Zelenskyy-t me Wittkoff dhe Kushner filluan n\u00eb Kiev\"}]},{\"@type\":\"WebSite\",\"@id\":\"https:\\\/\\\/kosovatimes.info\\\/#website\",\"url\":\"https:\\\/\\\/kosovatimes.info\\\/\",\"name\":\"Kosova Times\",\"description\":\"\",\"potentialAction\":[{\"@type\":\"SearchAction\",\"target\":{\"@type\":\"EntryPoint\",\"urlTemplate\":\"https:\\\/\\\/kosovatimes.info\\\/?s={search_term_string}\"},\"query-input\":{\"@type\":\"PropertyValueSpecification\",\"valueRequired\":true,\"valueName\":\"search_term_string\"}}],\"inLanguage\":\"en-US\"},{\"@type\":\"Person\",\"@id\":\"https:\\\/\\\/kosovatimes.info\\\/#\\\/schema\\\/person\\\/7586712b9c512fe68085de007378c915\",\"name\":\"i l\",\"image\":{\"@type\":\"ImageObject\",\"inLanguage\":\"en-US\",\"@id\":\"https:\\\/\\\/secure.gravatar.com\\\/avatar\\\/bad9296e02816160ae2e2435beda58222022298d5625d49fea74d18816fbb31d?s=96&d=mm&r=g\",\"url\":\"https:\\\/\\\/secure.gravatar.com\\\/avatar\\\/bad9296e02816160ae2e2435beda58222022298d5625d49fea74d18816fbb31d?s=96&d=mm&r=g\",\"contentUrl\":\"https:\\\/\\\/secure.gravatar.com\\\/avatar\\\/bad9296e02816160ae2e2435beda58222022298d5625d49fea74d18816fbb31d?s=96&d=mm&r=g\",\"caption\":\"i l\"},\"url\":\"https:\\\/\\\/kosovatimes.info\\\/index.php\\\/author\\\/iliri\\\/\"}]}<\/script>\n<!-- \/ Yoast SEO plugin. -->","yoast_head_json":{"title":"Bisedimet e Zelenskyy-t me Wittkoff dhe Kushner filluan n\u00eb Kiev - Kosova Times","robots":{"index":"index","follow":"follow","max-snippet":"max-snippet:-1","max-image-preview":"max-image-preview:large","max-video-preview":"max-video-preview:-1"},"canonical":"https:\/\/kosovatimes.info\/index.php\/2026\/09\/06\/bisedimet-e-zelenskyy-t-me-wittkoff-dhe-kushner-filluan-ne-kiev\/","og_locale":"en_US","og_type":"article","og_title":"Bisedimet e Zelenskyy-t me Wittkoff dhe Kushner filluan n\u00eb Kiev - Kosova Times","og_description":"Bisedimet midis Presidentit ukrainas Volodymyr Zelenskyy dhe t\u00eb D\u00ebrguarve Special\u00eb Presidencial\u00eb t\u00eb SHBA-s\u00eb Steve Whitkoff dhe Jared Kushner filluan n\u00eb Kiev. Witkoff dhe Kushner mb\u00ebrrit\u00ebn me tren nga Polonia m\u00eb 6 shtator p\u00ebr bisedime mbi p\u00ebrfundimin e luft\u00ebs. Kjo \u00ebsht\u00eb&nbsp;vizita e tyre e par\u00eb&nbsp;te Presidenti ukrainas Volodymyr Zelenskyy. N\u00eb stacionin e trenit, p\u00ebrfaq\u00ebsuesit amerikan\u00eb u [&hellip;]","og_url":"https:\/\/kosovatimes.info\/index.php\/2026\/09\/06\/bisedimet-e-zelenskyy-t-me-wittkoff-dhe-kushner-filluan-ne-kiev\/","og_site_name":"Kosova Times","article_published_time":"2026-09-06T13:00:04+00:00","article_modified_time":"2026-09-06T13:00:06+00:00","author":"i l","twitter_card":"summary_large_image","twitter_misc":{"Written by":"i l","Est. reading time":"1 minute"},"schema":{"@context":"https:\/\/schema.org","@graph":[{"@type":"Article","@id":"https:\/\/kosovatimes.info\/index.php\/2026\/09\/06\/bisedimet-e-zelenskyy-t-me-wittkoff-dhe-kushner-filluan-ne-kiev\/#article","isPartOf":{"@id":"https:\/\/kosovatimes.info\/index.php\/2026\/09\/06\/bisedimet-e-zelenskyy-t-me-wittkoff-dhe-kushner-filluan-ne-kiev\/"},"author":{"name":"i l","@id":"https:\/\/kosovatimes.info\/#\/schema\/person\/7586712b9c512fe68085de007378c915"},"headline":"Bisedimet e Zelenskyy-t me Wittkoff dhe Kushner filluan n\u00eb Kiev","datePublished":"2026-09-06T13:00:04+00:00","dateModified":"2026-09-06T13:00:06+00:00","mainEntityOfPage":{"@id":"https:\/\/kosovatimes.info\/index.php\/2026\/09\/06\/bisedimet-e-zelenskyy-t-me-wittkoff-dhe-kushner-filluan-ne-kiev\/"},"wordCount":194,"commentCount":0,"image":{"@id":"https:\/\/kosovatimes.info\/index.php\/2026\/09\/06\/bisedimet-e-zelenskyy-t-me-wittkoff-dhe-kushner-filluan-ne-kiev\/#primaryimage"},"thumbnailUrl":"https:\/\/kosovatimes.info\/wp-content\/uploads\/2026\/09\/zelenski.avif","articleSection":["Bot\u00eb","Lajme"],"inLanguage":"en-US","potentialAction":[{"@type":"CommentAction","name":"Comment","target":["https:\/\/kosovatimes.info\/index.php\/2026\/09\/06\/bisedimet-e-zelenskyy-t-me-wittkoff-dhe-kushner-filluan-ne-kiev\/#respond"]}]},{"@type":"WebPage","@id":"https:\/\/kosovatimes.info\/index.php\/2026\/09\/06\/bisedimet-e-zelenskyy-t-me-wittkoff-dhe-kushner-filluan-ne-kiev\/","url":"https:\/\/kosovatimes.info\/index.php\/2026\/09\/06\/bisedimet-e-zelenskyy-t-me-wittkoff-dhe-kushner-filluan-ne-kiev\/","name":"Bisedimet e Zelenskyy-t me Wittkoff dhe Kushner filluan n\u00eb Kiev - Kosova Times","isPartOf":{"@id":"https:\/\/kosovatimes.info\/#website"},"primaryImageOfPage":{"@id":"https:\/\/kosovatimes.info\/index.php\/2026\/09\/06\/bisedimet-e-zelenskyy-t-me-wittkoff-dhe-kushner-filluan-ne-kiev\/#primaryimage"},"image":{"@id":"https:\/\/kosovatimes.info\/index.php\/2026\/09\/06\/bisedimet-e-zelenskyy-t-me-wittkoff-dhe-kushner-filluan-ne-kiev\/#primaryimage"},"thumbnailUrl":"https:\/\/kosovatimes.info\/wp-content\/uploads\/2026\/09\/zelenski.avif","datePublished":"2026-09-06T13:00:04+00:00","dateModified":"2026-09-06T13:00:06+00:00","author":{"@id":"https:\/\/kosovatimes.info\/#\/schema\/person\/7586712b9c512fe68085de007378c915"},"breadcrumb":{"@id":"https:\/\/kosovatimes.info\/index.php\/2026\/09\/06\/bisedimet-e-zelenskyy-t-me-wittkoff-dhe-kushner-filluan-ne-kiev\/#breadcrumb"},"inLanguage":"en-US","potentialAction":[{"@type":"ReadAction","target":["https:\/\/kosovatimes.info\/index.php\/2026\/09\/06\/bisedimet-e-zelenskyy-t-me-wittkoff-dhe-kushner-filluan-ne-kiev\/"]}]},{"@type":"ImageObject","inLanguage":"en-US","@id":"https:\/\/kosovatimes.info\/index.php\/2026\/09\/06\/bisedimet-e-zelenskyy-t-me-wittkoff-dhe-kushner-filluan-ne-kiev\/#primaryimage","url":"https:\/\/kosovatimes.info\/wp-content\/uploads\/2026\/09\/zelenski.avif","contentUrl":"https:\/\/kosovatimes.info\/wp-content\/uploads\/2026\/09\/zelenski.avif","width":1023,"height":575},{"@type":"BreadcrumbList","@id":"https:\/\/kosovatimes.info\/index.php\/2026\/09\/06\/bisedimet-e-zelenskyy-t-me-wittkoff-dhe-kushner-filluan-ne-kiev\/#breadcrumb","itemListElement":[{"@type":"ListItem","position":1,"name":"Home","item":"https:\/\/kosovatimes.info\/"},{"@type":"ListItem","position":2,"name":"Bisedimet e Zelenskyy-t me Wittkoff dhe Kushner filluan n\u00eb Kiev"}]},{"@type":"WebSite","@id":"https:\/\/kosovatimes.info\/#website","url":"https:\/\/kosovatimes.info\/","name":"Kosova Times","description":"","potentialAction":[{"@type":"SearchAction","target":{"@type":"EntryPoint","urlTemplate":"https:\/\/kosovatimes.info\/?s={search_term_string}"},"query-input":{"@type":"PropertyValueSpecification","valueRequired":true,"valueName":"search_term_string"}}],"inLanguage":"en-US"},{"@type":"Person","@id":"https:\/\/kosovatimes.info\/#\/schema\/person\/7586712b9c512fe68085de007378c915","name":"i l","image":{"@type":"ImageObject","inLanguage":"en-US","@id":"https:\/\/secure.gravatar.com\/avatar\/bad9296e02816160ae2e2435beda58222022298d5625d49fea74d18816fbb31d?s=96&d=mm&r=g","url":"https:\/\/secure.gravatar.com\/avatar\/bad9296e02816160ae2e2435beda58222022298d5625d49fea74d18816fbb31d?s=96&d=mm&r=g","contentUrl":"https:\/\/secure.gravatar.com\/avatar\/bad9296e02816160ae2e2435beda58222022298d5625d49fea74d18816fbb31d?s=96&d=mm&r=g","caption":"i l"},"url":"https:\/\/kosovatimes.info\/index.php\/author\/iliri\/"}]}},"_links":{"self":[{"href":"https:\/\/kosovatimes.info\/index.php\/wp-json\/wp\/v2\/posts\/31143","targetHints":{"allow":["GET"]}}],"collection":[{"href":"https:\/\/kosovatimes.info\/index.php\/wp-json\/wp\/v2\/posts"}],"about":[{"href":"https:\/\/kosovatimes.info\/index.php\/wp-json\/wp\/v2\/types\/post"}],"author":[{"embeddable":true,"href":"https:\/\/kosovatimes.info\/index.php\/wp-json\/wp\/v2\/users\/4"}],"replies":[{"embeddable":true,"href":"https:\/\/kosovatimes.info\/index.php\/wp-json\/wp\/v2\/comments?post=31143"}],"version-history":[{"count":1,"href":"https:\/\/kosovatimes.info\/index.php\/wp-json\/wp\/v2\/posts\/31143\/revisions"}],"predecessor-version":[{"id":31145,"href":"https:\/\/kosovatimes.info\/index.php\/wp-json\/wp\/v2\/posts\/31143\/revisions\/31145"}],"wp:featuredmedia":[{"embeddable":true,"href":"https:\/\/kosovatimes.info\/index.php\/wp-json\/wp\/v2\/media\/31144"}],"wp:attachment":[{"href":"https:\/\/kosovatimes.info\/index.php\/wp-json\/wp\/v2\/media?parent=31143"}],"wp:term":[{"taxonomy":"category","embeddable":true,"href":"https:\/\/kosovatimes.info\/index.php\/wp-json\/wp\/v2\/categories?post=31143"},{"taxonomy":"post_tag","embeddable":true,"href":"https:\/\/kosovatimes.info\/index.php\/wp-json\/wp\/v2\/tags?post=31143"}],"curies":[{"name":"wp","href":"https:\/\/api.w.org\/{rel}","templated":true}]}}