{"id":6432,"date":"2026-03-25T13:20:00","date_gmt":"2026-03-25T13:20:00","guid":{"rendered":"https:\/\/kosovatimes.info\/?p=6432"},"modified":"2026-03-25T13:43:35","modified_gmt":"2026-03-25T13:43:35","slug":"pdk-kerkon-ulje-te-menjehershme-te-taksave-per-naften","status":"publish","type":"post","link":"https:\/\/kosovatimes.info\/index.php\/2026\/03\/25\/pdk-kerkon-ulje-te-menjehershme-te-taksave-per-naften\/","title":{"rendered":"PDK k\u00ebrkon ulje t\u00eb menj\u00ebhershme t\u00eb taksave p\u00ebr naft\u00ebn"},"content":{"rendered":"\n<p class=\"wp-block-paragraph\"><strong>Deputeti i Partis\u00eb Demokratike t\u00eb Kosov\u00ebs, Arben Mustafa, ka akuzuar Qeverin\u00eb Kurti p\u00ebr thellim t\u00eb kriz\u00ebs ekonomike p\u00ebr shkak t\u00eb mosveprimit ndaj rritjes s\u00eb \u00e7mimit t\u00eb naft\u00ebs, duke theksuar se kjo po ndikon drejtp\u00ebrdrejt n\u00eb rritjen e \u00e7mimeve t\u00eb produkteve dhe sh\u00ebrbimeve.<\/strong><\/p>\n\n\n\n<p class=\"wp-block-paragraph\">N\u00eb nj\u00eb konferenc\u00eb p\u00ebr media, ai tha se p\u00ebr \u00e7do lit\u00ebr naft\u00eb qytetar\u00ebt paguajn\u00eb rreth 60 cent\u00eb taksa (akciz\u00eb dhe TVSH), duke e cil\u00ebsuar k\u00ebt\u00eb si barr\u00eb t\u00eb r\u00ebnd\u00eb n\u00eb koh\u00eb krize.<\/p>\n\n\n\n<p class=\"wp-block-paragraph\">\u201cSot, p\u00ebr \u00e7do lit\u00ebr naft\u00eb, shteti merr rreth 60 cent\u00eb taksa: 36 cent\u00eb akciz\u00eb dhe 24 cent\u00eb TVSH. Pra, kur nj\u00eb qytetar furnizohet me naft\u00eb, n\u00eb \u00e7mimin prej 1.80 euro p\u00ebr lit\u00ebr, nuk paguan vet\u00ebm \u00e7mimin e naft\u00ebs, por i paguan edhe shtetit 60 cent\u00eb taksa. Kjo \u00ebsht\u00eb nj\u00eb barr\u00eb q\u00eb duhet t\u00eb leht\u00ebsohet n\u00eb k\u00ebt\u00eb koh\u00eb krize\u201d, tha&nbsp;Mustafa.<\/p>\n\n\n\n<p class=\"wp-block-paragraph\">Sipas tij, heqja e p\u00ebrkohshme e k\u00ebtyre taksave do t\u00eb ulte menj\u00ebher\u00eb \u00e7mimin e naft\u00ebs dhe do t\u00eb frenonte rritjen zinxhirore t\u00eb \u00e7mimeve.<\/p>\n\n\n\n<p class=\"wp-block-paragraph\">Mustafa paralajm\u00ebroi se rritja e \u00e7mimit t\u00eb naft\u00ebs prek gjith\u00eb ekonomin\u00eb, sidomos sektorin e bujq\u00ebsis\u00eb, duke rritur kostot e prodhimit dhe \u00e7mimet p\u00ebr konsumator\u00ebt.<\/p>\n\n\n\n<p class=\"wp-block-paragraph\">Ai tha se PDK k\u00ebrkon ulje t\u00eb menj\u00ebhershme t\u00eb taksave p\u00ebr derivatet, mb\u00ebshtetje shtes\u00eb p\u00ebr bujqit dhe prodhuesit vendor\u00eb, si dhe nj\u00eb plan emergjent anti-inflacion me masa konkrete p\u00ebr stabilizimin e \u00e7mimeve dhe kontroll m\u00eb t\u00eb rrept\u00eb t\u00eb tregut.<\/p>\n\n\n\n<p class=\"wp-block-paragraph\">&#8220;Masa konkrete dhe t\u00eb drejtp\u00ebrdrejta p\u00ebr mbrojtjen e bujqve dhe prodhuesve vendor\u00eb, p\u00ebrfshir\u00eb subvencione shtes\u00eb dhe mb\u00ebshtetje p\u00ebr inputet baz\u00eb n\u00eb k\u00ebt\u00eb sezon kritik. Nj\u00eb plan emergjent, t\u00eb qart\u00eb dhe t\u00eb matsh\u00ebm, p\u00ebr p\u00ebrballimin e rritjes s\u00eb \u00e7mimeve, q\u00eb garanton stabilitet p\u00ebr familjet dhe bizneset. Pra, nj\u00eb plan emergjent anti-inflacion, me objektiva konkrete p\u00ebr stabilizimin e \u00e7mimeve dhe masa t\u00eb koordinuara mes ministrive&#8221;, tha pos tjerash Mustafa.<\/p>\n\n\n\n<p class=\"wp-block-paragraph\">Ai i b\u00ebri thirrje Qeveris\u00eb q\u00eb t\u00eb fokusohet n\u00eb mb\u00ebshtetjen e qytetar\u00ebve dhe ekonomis\u00eb, n\u00eb vend t\u00eb thellimit t\u00eb krizave politike.<\/p>\n","protected":false},"excerpt":{"rendered":"<p>Deputeti i Partis\u00eb Demokratike t\u00eb Kosov\u00ebs, Arben Mustafa, ka akuzuar Qeverin\u00eb Kurti p\u00ebr thellim t\u00eb kriz\u00ebs ekonomike p\u00ebr shkak t\u00eb mosveprimit ndaj rritjes s\u00eb \u00e7mimit t\u00eb naft\u00ebs, duke theksuar se kjo po ndikon drejtp\u00ebrdrejt n\u00eb rritjen e \u00e7mimeve t\u00eb produkteve dhe sh\u00ebrbimeve. N\u00eb nj\u00eb konferenc\u00eb p\u00ebr media, ai tha se p\u00ebr \u00e7do lit\u00ebr naft\u00eb qytetar\u00ebt [&hellip;]<\/p>\n","protected":false},"author":4,"featured_media":6433,"comment_status":"open","ping_status":"open","sticky":false,"template":"","format":"standard","meta":{"footnotes":""},"categories":[31,30],"tags":[],"class_list":["post-6432","post","type-post","status-publish","format-standard","has-post-thumbnail","category-kosove","category-lajme"],"yoast_head":"<!-- This site is optimized with the Yoast SEO plugin v27.4 - https:\/\/yoast.com\/product\/yoast-seo-wordpress\/ -->\n<title>PDK k\u00ebrkon ulje t\u00eb menj\u00ebhershme t\u00eb taksave p\u00ebr naft\u00ebn - Kosova Times<\/title>\n<meta name=\"robots\" content=\"index, follow, max-snippet:-1, max-image-preview:large, max-video-preview:-1\" \/>\n<link rel=\"canonical\" href=\"https:\/\/kosovatimes.info\/index.php\/2026\/03\/25\/pdk-kerkon-ulje-te-menjehershme-te-taksave-per-naften\/\" \/>\n<meta property=\"og:locale\" content=\"en_US\" \/>\n<meta property=\"og:type\" content=\"article\" \/>\n<meta property=\"og:title\" content=\"PDK k\u00ebrkon ulje t\u00eb menj\u00ebhershme t\u00eb taksave p\u00ebr naft\u00ebn - Kosova Times\" \/>\n<meta property=\"og:description\" content=\"Deputeti i Partis\u00eb Demokratike t\u00eb Kosov\u00ebs, Arben Mustafa, ka akuzuar Qeverin\u00eb Kurti p\u00ebr thellim t\u00eb kriz\u00ebs ekonomike p\u00ebr shkak t\u00eb mosveprimit ndaj rritjes s\u00eb \u00e7mimit t\u00eb naft\u00ebs, duke theksuar se kjo po ndikon drejtp\u00ebrdrejt n\u00eb rritjen e \u00e7mimeve t\u00eb produkteve dhe sh\u00ebrbimeve. N\u00eb nj\u00eb konferenc\u00eb p\u00ebr media, ai tha se p\u00ebr \u00e7do lit\u00ebr naft\u00eb qytetar\u00ebt [&hellip;]\" \/>\n<meta property=\"og:url\" content=\"https:\/\/kosovatimes.info\/index.php\/2026\/03\/25\/pdk-kerkon-ulje-te-menjehershme-te-taksave-per-naften\/\" \/>\n<meta property=\"og:site_name\" content=\"Kosova Times\" \/>\n<meta property=\"article:published_time\" content=\"2026-03-25T13:20:00+00:00\" \/>\n<meta property=\"article:modified_time\" content=\"2026-03-25T13:43:35+00:00\" \/>\n<meta property=\"og:image\" content=\"https:\/\/kosovatimes.info\/wp-content\/uploads\/2026\/03\/PDK-2.jpg\" \/>\n\t<meta property=\"og:image:width\" content=\"780\" \/>\n\t<meta property=\"og:image:height\" content=\"500\" \/>\n\t<meta property=\"og:image:type\" content=\"image\/jpeg\" \/>\n<meta name=\"author\" content=\"i l\" \/>\n<meta name=\"twitter:card\" content=\"summary_large_image\" \/>\n<meta name=\"twitter:label1\" content=\"Written by\" \/>\n\t<meta name=\"twitter:data1\" content=\"i l\" \/>\n\t<meta name=\"twitter:label2\" content=\"Est. reading time\" \/>\n\t<meta name=\"twitter:data2\" content=\"2 minutes\" \/>\n<script type=\"application\/ld+json\" class=\"yoast-schema-graph\">{\"@context\":\"https:\\\/\\\/schema.org\",\"@graph\":[{\"@type\":\"Article\",\"@id\":\"https:\\\/\\\/kosovatimes.info\\\/index.php\\\/2026\\\/03\\\/25\\\/pdk-kerkon-ulje-te-menjehershme-te-taksave-per-naften\\\/#article\",\"isPartOf\":{\"@id\":\"https:\\\/\\\/kosovatimes.info\\\/index.php\\\/2026\\\/03\\\/25\\\/pdk-kerkon-ulje-te-menjehershme-te-taksave-per-naften\\\/\"},\"author\":{\"name\":\"i l\",\"@id\":\"https:\\\/\\\/kosovatimes.info\\\/#\\\/schema\\\/person\\\/7586712b9c512fe68085de007378c915\"},\"headline\":\"PDK k\u00ebrkon ulje t\u00eb menj\u00ebhershme t\u00eb taksave p\u00ebr naft\u00ebn\",\"datePublished\":\"2026-03-25T13:20:00+00:00\",\"dateModified\":\"2026-03-25T13:43:35+00:00\",\"mainEntityOfPage\":{\"@id\":\"https:\\\/\\\/kosovatimes.info\\\/index.php\\\/2026\\\/03\\\/25\\\/pdk-kerkon-ulje-te-menjehershme-te-taksave-per-naften\\\/\"},\"wordCount\":367,\"commentCount\":0,\"image\":{\"@id\":\"https:\\\/\\\/kosovatimes.info\\\/index.php\\\/2026\\\/03\\\/25\\\/pdk-kerkon-ulje-te-menjehershme-te-taksave-per-naften\\\/#primaryimage\"},\"thumbnailUrl\":\"https:\\\/\\\/kosovatimes.info\\\/wp-content\\\/uploads\\\/2026\\\/03\\\/PDK-2.jpg\",\"articleSection\":[\"Kosov\u00eb\",\"Lajme\"],\"inLanguage\":\"en-US\",\"potentialAction\":[{\"@type\":\"CommentAction\",\"name\":\"Comment\",\"target\":[\"https:\\\/\\\/kosovatimes.info\\\/index.php\\\/2026\\\/03\\\/25\\\/pdk-kerkon-ulje-te-menjehershme-te-taksave-per-naften\\\/#respond\"]}]},{\"@type\":\"WebPage\",\"@id\":\"https:\\\/\\\/kosovatimes.info\\\/index.php\\\/2026\\\/03\\\/25\\\/pdk-kerkon-ulje-te-menjehershme-te-taksave-per-naften\\\/\",\"url\":\"https:\\\/\\\/kosovatimes.info\\\/index.php\\\/2026\\\/03\\\/25\\\/pdk-kerkon-ulje-te-menjehershme-te-taksave-per-naften\\\/\",\"name\":\"PDK k\u00ebrkon ulje t\u00eb menj\u00ebhershme t\u00eb taksave p\u00ebr naft\u00ebn - Kosova Times\",\"isPartOf\":{\"@id\":\"https:\\\/\\\/kosovatimes.info\\\/#website\"},\"primaryImageOfPage\":{\"@id\":\"https:\\\/\\\/kosovatimes.info\\\/index.php\\\/2026\\\/03\\\/25\\\/pdk-kerkon-ulje-te-menjehershme-te-taksave-per-naften\\\/#primaryimage\"},\"image\":{\"@id\":\"https:\\\/\\\/kosovatimes.info\\\/index.php\\\/2026\\\/03\\\/25\\\/pdk-kerkon-ulje-te-menjehershme-te-taksave-per-naften\\\/#primaryimage\"},\"thumbnailUrl\":\"https:\\\/\\\/kosovatimes.info\\\/wp-content\\\/uploads\\\/2026\\\/03\\\/PDK-2.jpg\",\"datePublished\":\"2026-03-25T13:20:00+00:00\",\"dateModified\":\"2026-03-25T13:43:35+00:00\",\"author\":{\"@id\":\"https:\\\/\\\/kosovatimes.info\\\/#\\\/schema\\\/person\\\/7586712b9c512fe68085de007378c915\"},\"breadcrumb\":{\"@id\":\"https:\\\/\\\/kosovatimes.info\\\/index.php\\\/2026\\\/03\\\/25\\\/pdk-kerkon-ulje-te-menjehershme-te-taksave-per-naften\\\/#breadcrumb\"},\"inLanguage\":\"en-US\",\"potentialAction\":[{\"@type\":\"ReadAction\",\"target\":[\"https:\\\/\\\/kosovatimes.info\\\/index.php\\\/2026\\\/03\\\/25\\\/pdk-kerkon-ulje-te-menjehershme-te-taksave-per-naften\\\/\"]}]},{\"@type\":\"ImageObject\",\"inLanguage\":\"en-US\",\"@id\":\"https:\\\/\\\/kosovatimes.info\\\/index.php\\\/2026\\\/03\\\/25\\\/pdk-kerkon-ulje-te-menjehershme-te-taksave-per-naften\\\/#primaryimage\",\"url\":\"https:\\\/\\\/kosovatimes.info\\\/wp-content\\\/uploads\\\/2026\\\/03\\\/PDK-2.jpg\",\"contentUrl\":\"https:\\\/\\\/kosovatimes.info\\\/wp-content\\\/uploads\\\/2026\\\/03\\\/PDK-2.jpg\",\"width\":780,\"height\":500},{\"@type\":\"BreadcrumbList\",\"@id\":\"https:\\\/\\\/kosovatimes.info\\\/index.php\\\/2026\\\/03\\\/25\\\/pdk-kerkon-ulje-te-menjehershme-te-taksave-per-naften\\\/#breadcrumb\",\"itemListElement\":[{\"@type\":\"ListItem\",\"position\":1,\"name\":\"Home\",\"item\":\"https:\\\/\\\/kosovatimes.info\\\/\"},{\"@type\":\"ListItem\",\"position\":2,\"name\":\"PDK k\u00ebrkon ulje t\u00eb menj\u00ebhershme t\u00eb taksave p\u00ebr naft\u00ebn\"}]},{\"@type\":\"WebSite\",\"@id\":\"https:\\\/\\\/kosovatimes.info\\\/#website\",\"url\":\"https:\\\/\\\/kosovatimes.info\\\/\",\"name\":\"Kosova Times\",\"description\":\"\",\"potentialAction\":[{\"@type\":\"SearchAction\",\"target\":{\"@type\":\"EntryPoint\",\"urlTemplate\":\"https:\\\/\\\/kosovatimes.info\\\/?s={search_term_string}\"},\"query-input\":{\"@type\":\"PropertyValueSpecification\",\"valueRequired\":true,\"valueName\":\"search_term_string\"}}],\"inLanguage\":\"en-US\"},{\"@type\":\"Person\",\"@id\":\"https:\\\/\\\/kosovatimes.info\\\/#\\\/schema\\\/person\\\/7586712b9c512fe68085de007378c915\",\"name\":\"i l\",\"image\":{\"@type\":\"ImageObject\",\"inLanguage\":\"en-US\",\"@id\":\"https:\\\/\\\/secure.gravatar.com\\\/avatar\\\/bad9296e02816160ae2e2435beda58222022298d5625d49fea74d18816fbb31d?s=96&d=mm&r=g\",\"url\":\"https:\\\/\\\/secure.gravatar.com\\\/avatar\\\/bad9296e02816160ae2e2435beda58222022298d5625d49fea74d18816fbb31d?s=96&d=mm&r=g\",\"contentUrl\":\"https:\\\/\\\/secure.gravatar.com\\\/avatar\\\/bad9296e02816160ae2e2435beda58222022298d5625d49fea74d18816fbb31d?s=96&d=mm&r=g\",\"caption\":\"i l\"},\"url\":\"https:\\\/\\\/kosovatimes.info\\\/index.php\\\/author\\\/iliri\\\/\"}]}<\/script>\n<!-- \/ Yoast SEO plugin. -->","yoast_head_json":{"title":"PDK k\u00ebrkon ulje t\u00eb menj\u00ebhershme t\u00eb taksave p\u00ebr naft\u00ebn - Kosova Times","robots":{"index":"index","follow":"follow","max-snippet":"max-snippet:-1","max-image-preview":"max-image-preview:large","max-video-preview":"max-video-preview:-1"},"canonical":"https:\/\/kosovatimes.info\/index.php\/2026\/03\/25\/pdk-kerkon-ulje-te-menjehershme-te-taksave-per-naften\/","og_locale":"en_US","og_type":"article","og_title":"PDK k\u00ebrkon ulje t\u00eb menj\u00ebhershme t\u00eb taksave p\u00ebr naft\u00ebn - Kosova Times","og_description":"Deputeti i Partis\u00eb Demokratike t\u00eb Kosov\u00ebs, Arben Mustafa, ka akuzuar Qeverin\u00eb Kurti p\u00ebr thellim t\u00eb kriz\u00ebs ekonomike p\u00ebr shkak t\u00eb mosveprimit ndaj rritjes s\u00eb \u00e7mimit t\u00eb naft\u00ebs, duke theksuar se kjo po ndikon drejtp\u00ebrdrejt n\u00eb rritjen e \u00e7mimeve t\u00eb produkteve dhe sh\u00ebrbimeve. N\u00eb nj\u00eb konferenc\u00eb p\u00ebr media, ai tha se p\u00ebr \u00e7do lit\u00ebr naft\u00eb qytetar\u00ebt [&hellip;]","og_url":"https:\/\/kosovatimes.info\/index.php\/2026\/03\/25\/pdk-kerkon-ulje-te-menjehershme-te-taksave-per-naften\/","og_site_name":"Kosova Times","article_published_time":"2026-03-25T13:20:00+00:00","article_modified_time":"2026-03-25T13:43:35+00:00","og_image":[{"width":780,"height":500,"url":"https:\/\/kosovatimes.info\/wp-content\/uploads\/2026\/03\/PDK-2.jpg","type":"image\/jpeg"}],"author":"i l","twitter_card":"summary_large_image","twitter_misc":{"Written by":"i l","Est. reading time":"2 minutes"},"schema":{"@context":"https:\/\/schema.org","@graph":[{"@type":"Article","@id":"https:\/\/kosovatimes.info\/index.php\/2026\/03\/25\/pdk-kerkon-ulje-te-menjehershme-te-taksave-per-naften\/#article","isPartOf":{"@id":"https:\/\/kosovatimes.info\/index.php\/2026\/03\/25\/pdk-kerkon-ulje-te-menjehershme-te-taksave-per-naften\/"},"author":{"name":"i l","@id":"https:\/\/kosovatimes.info\/#\/schema\/person\/7586712b9c512fe68085de007378c915"},"headline":"PDK k\u00ebrkon ulje t\u00eb menj\u00ebhershme t\u00eb taksave p\u00ebr naft\u00ebn","datePublished":"2026-03-25T13:20:00+00:00","dateModified":"2026-03-25T13:43:35+00:00","mainEntityOfPage":{"@id":"https:\/\/kosovatimes.info\/index.php\/2026\/03\/25\/pdk-kerkon-ulje-te-menjehershme-te-taksave-per-naften\/"},"wordCount":367,"commentCount":0,"image":{"@id":"https:\/\/kosovatimes.info\/index.php\/2026\/03\/25\/pdk-kerkon-ulje-te-menjehershme-te-taksave-per-naften\/#primaryimage"},"thumbnailUrl":"https:\/\/kosovatimes.info\/wp-content\/uploads\/2026\/03\/PDK-2.jpg","articleSection":["Kosov\u00eb","Lajme"],"inLanguage":"en-US","potentialAction":[{"@type":"CommentAction","name":"Comment","target":["https:\/\/kosovatimes.info\/index.php\/2026\/03\/25\/pdk-kerkon-ulje-te-menjehershme-te-taksave-per-naften\/#respond"]}]},{"@type":"WebPage","@id":"https:\/\/kosovatimes.info\/index.php\/2026\/03\/25\/pdk-kerkon-ulje-te-menjehershme-te-taksave-per-naften\/","url":"https:\/\/kosovatimes.info\/index.php\/2026\/03\/25\/pdk-kerkon-ulje-te-menjehershme-te-taksave-per-naften\/","name":"PDK k\u00ebrkon ulje t\u00eb menj\u00ebhershme t\u00eb taksave p\u00ebr naft\u00ebn - Kosova Times","isPartOf":{"@id":"https:\/\/kosovatimes.info\/#website"},"primaryImageOfPage":{"@id":"https:\/\/kosovatimes.info\/index.php\/2026\/03\/25\/pdk-kerkon-ulje-te-menjehershme-te-taksave-per-naften\/#primaryimage"},"image":{"@id":"https:\/\/kosovatimes.info\/index.php\/2026\/03\/25\/pdk-kerkon-ulje-te-menjehershme-te-taksave-per-naften\/#primaryimage"},"thumbnailUrl":"https:\/\/kosovatimes.info\/wp-content\/uploads\/2026\/03\/PDK-2.jpg","datePublished":"2026-03-25T13:20:00+00:00","dateModified":"2026-03-25T13:43:35+00:00","author":{"@id":"https:\/\/kosovatimes.info\/#\/schema\/person\/7586712b9c512fe68085de007378c915"},"breadcrumb":{"@id":"https:\/\/kosovatimes.info\/index.php\/2026\/03\/25\/pdk-kerkon-ulje-te-menjehershme-te-taksave-per-naften\/#breadcrumb"},"inLanguage":"en-US","potentialAction":[{"@type":"ReadAction","target":["https:\/\/kosovatimes.info\/index.php\/2026\/03\/25\/pdk-kerkon-ulje-te-menjehershme-te-taksave-per-naften\/"]}]},{"@type":"ImageObject","inLanguage":"en-US","@id":"https:\/\/kosovatimes.info\/index.php\/2026\/03\/25\/pdk-kerkon-ulje-te-menjehershme-te-taksave-per-naften\/#primaryimage","url":"https:\/\/kosovatimes.info\/wp-content\/uploads\/2026\/03\/PDK-2.jpg","contentUrl":"https:\/\/kosovatimes.info\/wp-content\/uploads\/2026\/03\/PDK-2.jpg","width":780,"height":500},{"@type":"BreadcrumbList","@id":"https:\/\/kosovatimes.info\/index.php\/2026\/03\/25\/pdk-kerkon-ulje-te-menjehershme-te-taksave-per-naften\/#breadcrumb","itemListElement":[{"@type":"ListItem","position":1,"name":"Home","item":"https:\/\/kosovatimes.info\/"},{"@type":"ListItem","position":2,"name":"PDK k\u00ebrkon ulje t\u00eb menj\u00ebhershme t\u00eb taksave p\u00ebr naft\u00ebn"}]},{"@type":"WebSite","@id":"https:\/\/kosovatimes.info\/#website","url":"https:\/\/kosovatimes.info\/","name":"Kosova Times","description":"","potentialAction":[{"@type":"SearchAction","target":{"@type":"EntryPoint","urlTemplate":"https:\/\/kosovatimes.info\/?s={search_term_string}"},"query-input":{"@type":"PropertyValueSpecification","valueRequired":true,"valueName":"search_term_string"}}],"inLanguage":"en-US"},{"@type":"Person","@id":"https:\/\/kosovatimes.info\/#\/schema\/person\/7586712b9c512fe68085de007378c915","name":"i l","image":{"@type":"ImageObject","inLanguage":"en-US","@id":"https:\/\/secure.gravatar.com\/avatar\/bad9296e02816160ae2e2435beda58222022298d5625d49fea74d18816fbb31d?s=96&d=mm&r=g","url":"https:\/\/secure.gravatar.com\/avatar\/bad9296e02816160ae2e2435beda58222022298d5625d49fea74d18816fbb31d?s=96&d=mm&r=g","contentUrl":"https:\/\/secure.gravatar.com\/avatar\/bad9296e02816160ae2e2435beda58222022298d5625d49fea74d18816fbb31d?s=96&d=mm&r=g","caption":"i l"},"url":"https:\/\/kosovatimes.info\/index.php\/author\/iliri\/"}]}},"_links":{"self":[{"href":"https:\/\/kosovatimes.info\/index.php\/wp-json\/wp\/v2\/posts\/6432","targetHints":{"allow":["GET"]}}],"collection":[{"href":"https:\/\/kosovatimes.info\/index.php\/wp-json\/wp\/v2\/posts"}],"about":[{"href":"https:\/\/kosovatimes.info\/index.php\/wp-json\/wp\/v2\/types\/post"}],"author":[{"embeddable":true,"href":"https:\/\/kosovatimes.info\/index.php\/wp-json\/wp\/v2\/users\/4"}],"replies":[{"embeddable":true,"href":"https:\/\/kosovatimes.info\/index.php\/wp-json\/wp\/v2\/comments?post=6432"}],"version-history":[{"count":1,"href":"https:\/\/kosovatimes.info\/index.php\/wp-json\/wp\/v2\/posts\/6432\/revisions"}],"predecessor-version":[{"id":6434,"href":"https:\/\/kosovatimes.info\/index.php\/wp-json\/wp\/v2\/posts\/6432\/revisions\/6434"}],"wp:featuredmedia":[{"embeddable":true,"href":"https:\/\/kosovatimes.info\/index.php\/wp-json\/wp\/v2\/media\/6433"}],"wp:attachment":[{"href":"https:\/\/kosovatimes.info\/index.php\/wp-json\/wp\/v2\/media?parent=6432"}],"wp:term":[{"taxonomy":"category","embeddable":true,"href":"https:\/\/kosovatimes.info\/index.php\/wp-json\/wp\/v2\/categories?post=6432"},{"taxonomy":"post_tag","embeddable":true,"href":"https:\/\/kosovatimes.info\/index.php\/wp-json\/wp\/v2\/tags?post=6432"}],"curies":[{"name":"wp","href":"https:\/\/api.w.org\/{rel}","templated":true}]}}