{"id":6447,"date":"2026-03-25T14:37:00","date_gmt":"2026-03-25T14:37:00","guid":{"rendered":"https:\/\/kosovatimes.info\/?p=6447"},"modified":"2026-03-25T15:02:26","modified_gmt":"2026-03-25T15:02:26","slug":"dnv-zvarritja-e-emerimit-te-anetareve-demton-funksionalitetin-e-kqz-se","status":"publish","type":"post","link":"https:\/\/kosovatimes.info\/index.php\/2026\/03\/25\/dnv-zvarritja-e-emerimit-te-anetareve-demton-funksionalitetin-e-kqz-se\/","title":{"rendered":"DnV: Zvarritja e em\u00ebrimit t\u00eb an\u00ebtar\u00ebve d\u00ebmton funksionalitetin e KQZ-s\u00eb"},"content":{"rendered":"\n<p class=\"wp-block-paragraph\"><strong>Koalicioni i organizatave p\u00ebr v\u00ebzhgimin e zgjedhjeve \u201cDemokracia n\u00eb Veprim\u201d, p\u00ebrmes nj\u00eb komunikate p\u00ebr media njofton se kund\u00ebrshton vendimin e Presidentes p\u00ebr t\u2019a referuar \u00e7\u00ebshtjen e em\u00ebrimit t\u00eb an\u00ebtar\u00ebve t\u00eb Komisionit Qendror t\u00eb Zgjedhjeve, n\u00eb Gjykat\u00ebn Kushtetuese, pasi ky veprim e vonon kompletimin e institucionit n\u00eb nj\u00eb moment kur funksionaliteti i tij \u00ebsht\u00eb thelb\u00ebsor p\u00ebr integritetin e proceseve zgjedhore.<\/strong><\/p>\n\n\n\n<p class=\"wp-block-paragraph\">N\u00eb komunikat\u00eb thuhet se DnV vler\u00ebson se m\u00ebnyra e p\u00ebrb\u00ebrjes s\u00eb KQZ-s\u00eb \u00ebsht\u00eb e p\u00ebrcaktuar qart\u00eb n\u00eb kuadrin kushtetues dhe at\u00eb ligjor p\u00ebrmes modelit strikt t\u00eb p\u00ebrfaq\u00ebsimit.<\/p>\n\n\n\n<p class=\"wp-block-paragraph\">Ky model nuk lidhet drejtp\u00ebrdrejt\u00eb me rezultatin zgjedhor apo pesh\u00ebn politike t\u00eb subjekteve n\u00eb kuptim t\u00eb numrave, por me parimin e balanc\u00ebs nd\u00ebrmjet grupeve parlamentare q\u00eb kan\u00eb t\u00eb drejt\u00eb propozimi. Si i till\u00eb, ai zbatohet n\u00eb m\u00ebnyr\u00eb t\u00eb nj\u00ebjt\u00eb edhe n\u00eb rrethanat aktuale politike, pa u riformuluar n\u00eb baz\u00eb t\u00eb rezultateve apo konfigurimeve tjera.<\/p>\n\n\n\n<p class=\"wp-block-paragraph\">\u201cKjo qasje \u00ebsht\u00eb reflektuar n\u00eb m\u00ebnyr\u00eb t\u00eb q\u00ebndrueshme edhe n\u00eb praktik\u00eb dhe vendimmarrjen e Gjykat\u00ebs Kushtetuese. N\u00eb raste t\u00eb m\u00ebhershme, p\u00ebrfshir\u00eb periudh\u00ebn pas zgjedhjeve t\u00eb vitit 2021, p\u00ebrb\u00ebrja e KQZ-s\u00eb \u00ebsht\u00eb p\u00ebrcaktuar mbi baz\u00ebn e modelit strikt, duke kufizuar p\u00ebrfaq\u00ebsimin e subjektit m\u00eb t\u00eb madh n\u00eb dy an\u00ebtar\u00eb, pavar\u00ebsisht rezultatit zgjedhor. Kjo praktik\u00eb p\u00ebrb\u00ebn nj\u00eb standard &#8211; n\u00eb harmoni edhe me Kodin e Praktik\u00ebs s\u00eb Mir\u00eb n\u00eb \u00c7\u00ebshtjet Zgjedhore t\u00eb Komisionit t\u00eb Venecias &#8211; t\u00eb vendosur q\u00eb ka garantuar funksionimin e balancuar t\u00eb institucionit\u201d, thuhet tutje nga DnV.<\/p>\n\n\n\n<p class=\"wp-block-paragraph\">Sipas Organizat\u00ebs n\u00eb k\u00ebt\u00eb kontekst, trajtimi i k\u00ebsaj \u00e7\u00ebshtjeje si dilem\u00eb kushtetuese dhe referimi i saj n\u00eb Gjykat\u00ebn Kushtetuese nuk kontribuon n\u00eb qart\u00ebsi shtes\u00eb, por prodhon vonesa n\u00eb nj\u00eb proces q\u00eb k\u00ebrkon vendimmarrje t\u00eb drejtp\u00ebrdrejt\u00eb.<\/p>\n\n\n\n<p class=\"wp-block-paragraph\">\u201cMosplot\u00ebsimi i p\u00ebrb\u00ebrjes s\u00eb plot\u00eb t\u00eb KQZ-s\u00eb cenon konfigurimin e saj kushtetues prej 11 an\u00ebtar\u00ebve, duke ndikuar nj\u00ebkoh\u00ebsisht n\u00eb funksionimin dhe vendimmarrjen e saj\u201d, konsideron NnV, e cila gjithashtu b\u00ebn thirrje q\u00eb em\u00ebrimi i an\u00ebtarit t\u00eb mbetur t\u00eb KQZ-s\u00eb t\u00eb p\u00ebrmbyllet pa vonesa t\u00eb m\u00ebtejshme, n\u00eb p\u00ebrputhje me Kushtetut\u00ebn, ligjin dhe standardet e vendosura n\u00eb praktik\u00eb, n\u00eb m\u00ebnyr\u00eb q\u00eb t\u00eb ruhet funksionaliteti dhe besueshm\u00ebria e k\u00ebtij institucioni.<\/p>\n","protected":false},"excerpt":{"rendered":"<p>Koalicioni i organizatave p\u00ebr v\u00ebzhgimin e zgjedhjeve \u201cDemokracia n\u00eb Veprim\u201d, p\u00ebrmes nj\u00eb komunikate p\u00ebr media njofton se kund\u00ebrshton vendimin e Presidentes p\u00ebr t\u2019a referuar \u00e7\u00ebshtjen e em\u00ebrimit t\u00eb an\u00ebtar\u00ebve t\u00eb Komisionit Qendror t\u00eb Zgjedhjeve, n\u00eb Gjykat\u00ebn Kushtetuese, pasi ky veprim e vonon kompletimin e institucionit n\u00eb nj\u00eb moment kur funksionaliteti i tij \u00ebsht\u00eb thelb\u00ebsor p\u00ebr [&hellip;]<\/p>\n","protected":false},"author":4,"featured_media":6448,"comment_status":"open","ping_status":"open","sticky":false,"template":"","format":"standard","meta":{"footnotes":""},"categories":[31,30],"tags":[],"class_list":["post-6447","post","type-post","status-publish","format-standard","has-post-thumbnail","category-kosove","category-lajme"],"yoast_head":"<!-- This site is optimized with the Yoast SEO plugin v27.4 - https:\/\/yoast.com\/product\/yoast-seo-wordpress\/ -->\n<title>DnV: Zvarritja e em\u00ebrimit t\u00eb an\u00ebtar\u00ebve d\u00ebmton funksionalitetin e KQZ-s\u00eb - Kosova Times<\/title>\n<meta name=\"robots\" content=\"index, follow, max-snippet:-1, max-image-preview:large, max-video-preview:-1\" \/>\n<link rel=\"canonical\" href=\"https:\/\/kosovatimes.info\/index.php\/2026\/03\/25\/dnv-zvarritja-e-emerimit-te-anetareve-demton-funksionalitetin-e-kqz-se\/\" \/>\n<meta property=\"og:locale\" content=\"en_US\" \/>\n<meta property=\"og:type\" content=\"article\" \/>\n<meta property=\"og:title\" content=\"DnV: Zvarritja e em\u00ebrimit t\u00eb an\u00ebtar\u00ebve d\u00ebmton funksionalitetin e KQZ-s\u00eb - Kosova Times\" \/>\n<meta property=\"og:description\" content=\"Koalicioni i organizatave p\u00ebr v\u00ebzhgimin e zgjedhjeve \u201cDemokracia n\u00eb Veprim\u201d, p\u00ebrmes nj\u00eb komunikate p\u00ebr media njofton se kund\u00ebrshton vendimin e Presidentes p\u00ebr t\u2019a referuar \u00e7\u00ebshtjen e em\u00ebrimit t\u00eb an\u00ebtar\u00ebve t\u00eb Komisionit Qendror t\u00eb Zgjedhjeve, n\u00eb Gjykat\u00ebn Kushtetuese, pasi ky veprim e vonon kompletimin e institucionit n\u00eb nj\u00eb moment kur funksionaliteti i tij \u00ebsht\u00eb thelb\u00ebsor p\u00ebr [&hellip;]\" \/>\n<meta property=\"og:url\" content=\"https:\/\/kosovatimes.info\/index.php\/2026\/03\/25\/dnv-zvarritja-e-emerimit-te-anetareve-demton-funksionalitetin-e-kqz-se\/\" \/>\n<meta property=\"og:site_name\" content=\"Kosova Times\" \/>\n<meta property=\"article:published_time\" content=\"2026-03-25T14:37:00+00:00\" \/>\n<meta property=\"article:modified_time\" content=\"2026-03-25T15:02:26+00:00\" \/>\n<meta property=\"og:image\" content=\"https:\/\/kosovatimes.info\/wp-content\/uploads\/2026\/03\/DV.jpg\" \/>\n\t<meta property=\"og:image:width\" content=\"780\" \/>\n\t<meta property=\"og:image:height\" content=\"500\" \/>\n\t<meta property=\"og:image:type\" content=\"image\/jpeg\" \/>\n<meta name=\"author\" content=\"i l\" \/>\n<meta name=\"twitter:card\" content=\"summary_large_image\" \/>\n<meta name=\"twitter:label1\" content=\"Written by\" \/>\n\t<meta name=\"twitter:data1\" content=\"i l\" \/>\n\t<meta name=\"twitter:label2\" content=\"Est. reading time\" \/>\n\t<meta name=\"twitter:data2\" content=\"2 minutes\" \/>\n<script type=\"application\/ld+json\" class=\"yoast-schema-graph\">{\"@context\":\"https:\\\/\\\/schema.org\",\"@graph\":[{\"@type\":\"Article\",\"@id\":\"https:\\\/\\\/kosovatimes.info\\\/index.php\\\/2026\\\/03\\\/25\\\/dnv-zvarritja-e-emerimit-te-anetareve-demton-funksionalitetin-e-kqz-se\\\/#article\",\"isPartOf\":{\"@id\":\"https:\\\/\\\/kosovatimes.info\\\/index.php\\\/2026\\\/03\\\/25\\\/dnv-zvarritja-e-emerimit-te-anetareve-demton-funksionalitetin-e-kqz-se\\\/\"},\"author\":{\"name\":\"i l\",\"@id\":\"https:\\\/\\\/kosovatimes.info\\\/#\\\/schema\\\/person\\\/7586712b9c512fe68085de007378c915\"},\"headline\":\"DnV: Zvarritja e em\u00ebrimit t\u00eb an\u00ebtar\u00ebve d\u00ebmton funksionalitetin e KQZ-s\u00eb\",\"datePublished\":\"2026-03-25T14:37:00+00:00\",\"dateModified\":\"2026-03-25T15:02:26+00:00\",\"mainEntityOfPage\":{\"@id\":\"https:\\\/\\\/kosovatimes.info\\\/index.php\\\/2026\\\/03\\\/25\\\/dnv-zvarritja-e-emerimit-te-anetareve-demton-funksionalitetin-e-kqz-se\\\/\"},\"wordCount\":410,\"commentCount\":0,\"image\":{\"@id\":\"https:\\\/\\\/kosovatimes.info\\\/index.php\\\/2026\\\/03\\\/25\\\/dnv-zvarritja-e-emerimit-te-anetareve-demton-funksionalitetin-e-kqz-se\\\/#primaryimage\"},\"thumbnailUrl\":\"https:\\\/\\\/kosovatimes.info\\\/wp-content\\\/uploads\\\/2026\\\/03\\\/DV.jpg\",\"articleSection\":[\"Kosov\u00eb\",\"Lajme\"],\"inLanguage\":\"en-US\",\"potentialAction\":[{\"@type\":\"CommentAction\",\"name\":\"Comment\",\"target\":[\"https:\\\/\\\/kosovatimes.info\\\/index.php\\\/2026\\\/03\\\/25\\\/dnv-zvarritja-e-emerimit-te-anetareve-demton-funksionalitetin-e-kqz-se\\\/#respond\"]}]},{\"@type\":\"WebPage\",\"@id\":\"https:\\\/\\\/kosovatimes.info\\\/index.php\\\/2026\\\/03\\\/25\\\/dnv-zvarritja-e-emerimit-te-anetareve-demton-funksionalitetin-e-kqz-se\\\/\",\"url\":\"https:\\\/\\\/kosovatimes.info\\\/index.php\\\/2026\\\/03\\\/25\\\/dnv-zvarritja-e-emerimit-te-anetareve-demton-funksionalitetin-e-kqz-se\\\/\",\"name\":\"DnV: Zvarritja e em\u00ebrimit t\u00eb an\u00ebtar\u00ebve d\u00ebmton funksionalitetin e KQZ-s\u00eb - Kosova Times\",\"isPartOf\":{\"@id\":\"https:\\\/\\\/kosovatimes.info\\\/#website\"},\"primaryImageOfPage\":{\"@id\":\"https:\\\/\\\/kosovatimes.info\\\/index.php\\\/2026\\\/03\\\/25\\\/dnv-zvarritja-e-emerimit-te-anetareve-demton-funksionalitetin-e-kqz-se\\\/#primaryimage\"},\"image\":{\"@id\":\"https:\\\/\\\/kosovatimes.info\\\/index.php\\\/2026\\\/03\\\/25\\\/dnv-zvarritja-e-emerimit-te-anetareve-demton-funksionalitetin-e-kqz-se\\\/#primaryimage\"},\"thumbnailUrl\":\"https:\\\/\\\/kosovatimes.info\\\/wp-content\\\/uploads\\\/2026\\\/03\\\/DV.jpg\",\"datePublished\":\"2026-03-25T14:37:00+00:00\",\"dateModified\":\"2026-03-25T15:02:26+00:00\",\"author\":{\"@id\":\"https:\\\/\\\/kosovatimes.info\\\/#\\\/schema\\\/person\\\/7586712b9c512fe68085de007378c915\"},\"breadcrumb\":{\"@id\":\"https:\\\/\\\/kosovatimes.info\\\/index.php\\\/2026\\\/03\\\/25\\\/dnv-zvarritja-e-emerimit-te-anetareve-demton-funksionalitetin-e-kqz-se\\\/#breadcrumb\"},\"inLanguage\":\"en-US\",\"potentialAction\":[{\"@type\":\"ReadAction\",\"target\":[\"https:\\\/\\\/kosovatimes.info\\\/index.php\\\/2026\\\/03\\\/25\\\/dnv-zvarritja-e-emerimit-te-anetareve-demton-funksionalitetin-e-kqz-se\\\/\"]}]},{\"@type\":\"ImageObject\",\"inLanguage\":\"en-US\",\"@id\":\"https:\\\/\\\/kosovatimes.info\\\/index.php\\\/2026\\\/03\\\/25\\\/dnv-zvarritja-e-emerimit-te-anetareve-demton-funksionalitetin-e-kqz-se\\\/#primaryimage\",\"url\":\"https:\\\/\\\/kosovatimes.info\\\/wp-content\\\/uploads\\\/2026\\\/03\\\/DV.jpg\",\"contentUrl\":\"https:\\\/\\\/kosovatimes.info\\\/wp-content\\\/uploads\\\/2026\\\/03\\\/DV.jpg\",\"width\":780,\"height\":500},{\"@type\":\"BreadcrumbList\",\"@id\":\"https:\\\/\\\/kosovatimes.info\\\/index.php\\\/2026\\\/03\\\/25\\\/dnv-zvarritja-e-emerimit-te-anetareve-demton-funksionalitetin-e-kqz-se\\\/#breadcrumb\",\"itemListElement\":[{\"@type\":\"ListItem\",\"position\":1,\"name\":\"Home\",\"item\":\"https:\\\/\\\/kosovatimes.info\\\/\"},{\"@type\":\"ListItem\",\"position\":2,\"name\":\"DnV: Zvarritja e em\u00ebrimit t\u00eb an\u00ebtar\u00ebve d\u00ebmton funksionalitetin e KQZ-s\u00eb\"}]},{\"@type\":\"WebSite\",\"@id\":\"https:\\\/\\\/kosovatimes.info\\\/#website\",\"url\":\"https:\\\/\\\/kosovatimes.info\\\/\",\"name\":\"Kosova Times\",\"description\":\"\",\"potentialAction\":[{\"@type\":\"SearchAction\",\"target\":{\"@type\":\"EntryPoint\",\"urlTemplate\":\"https:\\\/\\\/kosovatimes.info\\\/?s={search_term_string}\"},\"query-input\":{\"@type\":\"PropertyValueSpecification\",\"valueRequired\":true,\"valueName\":\"search_term_string\"}}],\"inLanguage\":\"en-US\"},{\"@type\":\"Person\",\"@id\":\"https:\\\/\\\/kosovatimes.info\\\/#\\\/schema\\\/person\\\/7586712b9c512fe68085de007378c915\",\"name\":\"i l\",\"image\":{\"@type\":\"ImageObject\",\"inLanguage\":\"en-US\",\"@id\":\"https:\\\/\\\/secure.gravatar.com\\\/avatar\\\/bad9296e02816160ae2e2435beda58222022298d5625d49fea74d18816fbb31d?s=96&d=mm&r=g\",\"url\":\"https:\\\/\\\/secure.gravatar.com\\\/avatar\\\/bad9296e02816160ae2e2435beda58222022298d5625d49fea74d18816fbb31d?s=96&d=mm&r=g\",\"contentUrl\":\"https:\\\/\\\/secure.gravatar.com\\\/avatar\\\/bad9296e02816160ae2e2435beda58222022298d5625d49fea74d18816fbb31d?s=96&d=mm&r=g\",\"caption\":\"i l\"},\"url\":\"https:\\\/\\\/kosovatimes.info\\\/index.php\\\/author\\\/iliri\\\/\"}]}<\/script>\n<!-- \/ Yoast SEO plugin. -->","yoast_head_json":{"title":"DnV: Zvarritja e em\u00ebrimit t\u00eb an\u00ebtar\u00ebve d\u00ebmton funksionalitetin e KQZ-s\u00eb - Kosova Times","robots":{"index":"index","follow":"follow","max-snippet":"max-snippet:-1","max-image-preview":"max-image-preview:large","max-video-preview":"max-video-preview:-1"},"canonical":"https:\/\/kosovatimes.info\/index.php\/2026\/03\/25\/dnv-zvarritja-e-emerimit-te-anetareve-demton-funksionalitetin-e-kqz-se\/","og_locale":"en_US","og_type":"article","og_title":"DnV: Zvarritja e em\u00ebrimit t\u00eb an\u00ebtar\u00ebve d\u00ebmton funksionalitetin e KQZ-s\u00eb - Kosova Times","og_description":"Koalicioni i organizatave p\u00ebr v\u00ebzhgimin e zgjedhjeve \u201cDemokracia n\u00eb Veprim\u201d, p\u00ebrmes nj\u00eb komunikate p\u00ebr media njofton se kund\u00ebrshton vendimin e Presidentes p\u00ebr t\u2019a referuar \u00e7\u00ebshtjen e em\u00ebrimit t\u00eb an\u00ebtar\u00ebve t\u00eb Komisionit Qendror t\u00eb Zgjedhjeve, n\u00eb Gjykat\u00ebn Kushtetuese, pasi ky veprim e vonon kompletimin e institucionit n\u00eb nj\u00eb moment kur funksionaliteti i tij \u00ebsht\u00eb thelb\u00ebsor p\u00ebr [&hellip;]","og_url":"https:\/\/kosovatimes.info\/index.php\/2026\/03\/25\/dnv-zvarritja-e-emerimit-te-anetareve-demton-funksionalitetin-e-kqz-se\/","og_site_name":"Kosova Times","article_published_time":"2026-03-25T14:37:00+00:00","article_modified_time":"2026-03-25T15:02:26+00:00","og_image":[{"width":780,"height":500,"url":"https:\/\/kosovatimes.info\/wp-content\/uploads\/2026\/03\/DV.jpg","type":"image\/jpeg"}],"author":"i l","twitter_card":"summary_large_image","twitter_misc":{"Written by":"i l","Est. reading time":"2 minutes"},"schema":{"@context":"https:\/\/schema.org","@graph":[{"@type":"Article","@id":"https:\/\/kosovatimes.info\/index.php\/2026\/03\/25\/dnv-zvarritja-e-emerimit-te-anetareve-demton-funksionalitetin-e-kqz-se\/#article","isPartOf":{"@id":"https:\/\/kosovatimes.info\/index.php\/2026\/03\/25\/dnv-zvarritja-e-emerimit-te-anetareve-demton-funksionalitetin-e-kqz-se\/"},"author":{"name":"i l","@id":"https:\/\/kosovatimes.info\/#\/schema\/person\/7586712b9c512fe68085de007378c915"},"headline":"DnV: Zvarritja e em\u00ebrimit t\u00eb an\u00ebtar\u00ebve d\u00ebmton funksionalitetin e KQZ-s\u00eb","datePublished":"2026-03-25T14:37:00+00:00","dateModified":"2026-03-25T15:02:26+00:00","mainEntityOfPage":{"@id":"https:\/\/kosovatimes.info\/index.php\/2026\/03\/25\/dnv-zvarritja-e-emerimit-te-anetareve-demton-funksionalitetin-e-kqz-se\/"},"wordCount":410,"commentCount":0,"image":{"@id":"https:\/\/kosovatimes.info\/index.php\/2026\/03\/25\/dnv-zvarritja-e-emerimit-te-anetareve-demton-funksionalitetin-e-kqz-se\/#primaryimage"},"thumbnailUrl":"https:\/\/kosovatimes.info\/wp-content\/uploads\/2026\/03\/DV.jpg","articleSection":["Kosov\u00eb","Lajme"],"inLanguage":"en-US","potentialAction":[{"@type":"CommentAction","name":"Comment","target":["https:\/\/kosovatimes.info\/index.php\/2026\/03\/25\/dnv-zvarritja-e-emerimit-te-anetareve-demton-funksionalitetin-e-kqz-se\/#respond"]}]},{"@type":"WebPage","@id":"https:\/\/kosovatimes.info\/index.php\/2026\/03\/25\/dnv-zvarritja-e-emerimit-te-anetareve-demton-funksionalitetin-e-kqz-se\/","url":"https:\/\/kosovatimes.info\/index.php\/2026\/03\/25\/dnv-zvarritja-e-emerimit-te-anetareve-demton-funksionalitetin-e-kqz-se\/","name":"DnV: Zvarritja e em\u00ebrimit t\u00eb an\u00ebtar\u00ebve d\u00ebmton funksionalitetin e KQZ-s\u00eb - Kosova Times","isPartOf":{"@id":"https:\/\/kosovatimes.info\/#website"},"primaryImageOfPage":{"@id":"https:\/\/kosovatimes.info\/index.php\/2026\/03\/25\/dnv-zvarritja-e-emerimit-te-anetareve-demton-funksionalitetin-e-kqz-se\/#primaryimage"},"image":{"@id":"https:\/\/kosovatimes.info\/index.php\/2026\/03\/25\/dnv-zvarritja-e-emerimit-te-anetareve-demton-funksionalitetin-e-kqz-se\/#primaryimage"},"thumbnailUrl":"https:\/\/kosovatimes.info\/wp-content\/uploads\/2026\/03\/DV.jpg","datePublished":"2026-03-25T14:37:00+00:00","dateModified":"2026-03-25T15:02:26+00:00","author":{"@id":"https:\/\/kosovatimes.info\/#\/schema\/person\/7586712b9c512fe68085de007378c915"},"breadcrumb":{"@id":"https:\/\/kosovatimes.info\/index.php\/2026\/03\/25\/dnv-zvarritja-e-emerimit-te-anetareve-demton-funksionalitetin-e-kqz-se\/#breadcrumb"},"inLanguage":"en-US","potentialAction":[{"@type":"ReadAction","target":["https:\/\/kosovatimes.info\/index.php\/2026\/03\/25\/dnv-zvarritja-e-emerimit-te-anetareve-demton-funksionalitetin-e-kqz-se\/"]}]},{"@type":"ImageObject","inLanguage":"en-US","@id":"https:\/\/kosovatimes.info\/index.php\/2026\/03\/25\/dnv-zvarritja-e-emerimit-te-anetareve-demton-funksionalitetin-e-kqz-se\/#primaryimage","url":"https:\/\/kosovatimes.info\/wp-content\/uploads\/2026\/03\/DV.jpg","contentUrl":"https:\/\/kosovatimes.info\/wp-content\/uploads\/2026\/03\/DV.jpg","width":780,"height":500},{"@type":"BreadcrumbList","@id":"https:\/\/kosovatimes.info\/index.php\/2026\/03\/25\/dnv-zvarritja-e-emerimit-te-anetareve-demton-funksionalitetin-e-kqz-se\/#breadcrumb","itemListElement":[{"@type":"ListItem","position":1,"name":"Home","item":"https:\/\/kosovatimes.info\/"},{"@type":"ListItem","position":2,"name":"DnV: Zvarritja e em\u00ebrimit t\u00eb an\u00ebtar\u00ebve d\u00ebmton funksionalitetin e KQZ-s\u00eb"}]},{"@type":"WebSite","@id":"https:\/\/kosovatimes.info\/#website","url":"https:\/\/kosovatimes.info\/","name":"Kosova Times","description":"","potentialAction":[{"@type":"SearchAction","target":{"@type":"EntryPoint","urlTemplate":"https:\/\/kosovatimes.info\/?s={search_term_string}"},"query-input":{"@type":"PropertyValueSpecification","valueRequired":true,"valueName":"search_term_string"}}],"inLanguage":"en-US"},{"@type":"Person","@id":"https:\/\/kosovatimes.info\/#\/schema\/person\/7586712b9c512fe68085de007378c915","name":"i l","image":{"@type":"ImageObject","inLanguage":"en-US","@id":"https:\/\/secure.gravatar.com\/avatar\/bad9296e02816160ae2e2435beda58222022298d5625d49fea74d18816fbb31d?s=96&d=mm&r=g","url":"https:\/\/secure.gravatar.com\/avatar\/bad9296e02816160ae2e2435beda58222022298d5625d49fea74d18816fbb31d?s=96&d=mm&r=g","contentUrl":"https:\/\/secure.gravatar.com\/avatar\/bad9296e02816160ae2e2435beda58222022298d5625d49fea74d18816fbb31d?s=96&d=mm&r=g","caption":"i l"},"url":"https:\/\/kosovatimes.info\/index.php\/author\/iliri\/"}]}},"_links":{"self":[{"href":"https:\/\/kosovatimes.info\/index.php\/wp-json\/wp\/v2\/posts\/6447","targetHints":{"allow":["GET"]}}],"collection":[{"href":"https:\/\/kosovatimes.info\/index.php\/wp-json\/wp\/v2\/posts"}],"about":[{"href":"https:\/\/kosovatimes.info\/index.php\/wp-json\/wp\/v2\/types\/post"}],"author":[{"embeddable":true,"href":"https:\/\/kosovatimes.info\/index.php\/wp-json\/wp\/v2\/users\/4"}],"replies":[{"embeddable":true,"href":"https:\/\/kosovatimes.info\/index.php\/wp-json\/wp\/v2\/comments?post=6447"}],"version-history":[{"count":1,"href":"https:\/\/kosovatimes.info\/index.php\/wp-json\/wp\/v2\/posts\/6447\/revisions"}],"predecessor-version":[{"id":6449,"href":"https:\/\/kosovatimes.info\/index.php\/wp-json\/wp\/v2\/posts\/6447\/revisions\/6449"}],"wp:featuredmedia":[{"embeddable":true,"href":"https:\/\/kosovatimes.info\/index.php\/wp-json\/wp\/v2\/media\/6448"}],"wp:attachment":[{"href":"https:\/\/kosovatimes.info\/index.php\/wp-json\/wp\/v2\/media?parent=6447"}],"wp:term":[{"taxonomy":"category","embeddable":true,"href":"https:\/\/kosovatimes.info\/index.php\/wp-json\/wp\/v2\/categories?post=6447"},{"taxonomy":"post_tag","embeddable":true,"href":"https:\/\/kosovatimes.info\/index.php\/wp-json\/wp\/v2\/tags?post=6447"}],"curies":[{"name":"wp","href":"https:\/\/api.w.org\/{rel}","templated":true}]}}