{"id":7235,"date":"2026-03-29T22:04:00","date_gmt":"2026-03-29T22:04:00","guid":{"rendered":"https:\/\/kosovatimes.info\/?p=7235"},"modified":"2026-03-29T21:25:30","modified_gmt":"2026-03-29T21:25:30","slug":"shembja-e-rruges-ne-prishtine-svecla-kritikon-kryetarin","status":"publish","type":"post","link":"https:\/\/kosovatimes.info\/index.php\/2026\/03\/29\/shembja-e-rruges-ne-prishtine-svecla-kritikon-kryetarin\/","title":{"rendered":"Shembja e rrug\u00ebs n\u00eb Prishtin\u00eb, Sve\u00e7la kritikon kryetarin"},"content":{"rendered":"\n<p class=\"wp-block-paragraph\"><strong>Pas shembjes s\u00eb nj\u00eb pjese t\u00eb rrug\u00ebs \u201cDon Shtjef\u00ebn Kurti\u201d n\u00eb Prishtin\u00eb, asamblisti i L\u00ebvizjes Vet\u00ebvendosje, G\u00ebzim Sve\u00e7la, ka kritikuar munges\u00ebn e kontrollit n\u00eb nd\u00ebrtime dhe pasojat p\u00ebr qytetar\u00ebt.<\/strong><\/p>\n\n\n\n<p class=\"wp-block-paragraph\">Sve\u00e7la ka kritikuar se nd\u00ebrtimet po realizohen pa mbik\u00ebqyrje t\u00eb duhur, lejet nd\u00ebrtimore jepen pa respektuar standardet, institucionet nuk funksionojn\u00eb si duhet, dhe qytetar\u00ebt gjenden n\u00ebn rrezik.<\/p>\n\n\n\n<p class=\"wp-block-paragraph\">Sve\u00e7la ka theksuar se ky \u00ebsht\u00eb rezultati i nj\u00eb qeverisjeje q\u00eb \u00ebsht\u00eb larg realitetit dhe q\u00eb ka humbur kontaktin me nevojat e qytetar\u00ebve.<\/p>\n\n\n\n<p class=\"wp-block-paragraph\">\u201cKjo \u00ebsht\u00eb pasoj\u00eb e nj\u00eb qasjeje ku kryetari sillet si figur\u00eb e politik\u00ebs qendrore dhe pozita e t\u00eb parit t\u00eb qytetit p\u00ebrdoret p\u00ebr spektak\u00ebl, jo p\u00ebr sh\u00ebrbim\u201d, ka shkruar ai n\u00eb rrjetet sociale.<\/p>\n\n\n\n<p class=\"wp-block-paragraph\">Lidhur me kryetarin P\u00ebrparim Rama, Sve\u00e7la ka deklaruar se ai ka vendosur imazhin personal mbi p\u00ebrgjegj\u00ebsin\u00eb institucionale dhe propagand\u00ebn mbi pun\u00ebn konkrete.<\/p>\n\n\n\n<p class=\"wp-block-paragraph\">\u201cNd\u00ebrkoh\u00eb, Prishtina po paguan \u00e7mimin me kaos urban, pasiguri dhe nj\u00eb qytet q\u00eb \u00e7do dit\u00eb po p\u00ebrkeq\u00ebsohet. Qytet q\u00eb po vuan\u201d, ka shtuar ai.<\/p>\n","protected":false},"excerpt":{"rendered":"<p>Pas shembjes s\u00eb nj\u00eb pjese t\u00eb rrug\u00ebs \u201cDon Shtjef\u00ebn Kurti\u201d n\u00eb Prishtin\u00eb, asamblisti i L\u00ebvizjes Vet\u00ebvendosje, G\u00ebzim Sve\u00e7la, ka kritikuar munges\u00ebn e kontrollit n\u00eb nd\u00ebrtime dhe pasojat p\u00ebr qytetar\u00ebt. Sve\u00e7la ka kritikuar se nd\u00ebrtimet po realizohen pa mbik\u00ebqyrje t\u00eb duhur, lejet nd\u00ebrtimore jepen pa respektuar standardet, institucionet nuk funksionojn\u00eb si duhet, dhe qytetar\u00ebt gjenden n\u00ebn [&hellip;]<\/p>\n","protected":false},"author":4,"featured_media":7236,"comment_status":"open","ping_status":"open","sticky":false,"template":"","format":"standard","meta":{"footnotes":""},"categories":[31,30],"tags":[],"class_list":["post-7235","post","type-post","status-publish","format-standard","has-post-thumbnail","category-kosove","category-lajme"],"yoast_head":"<!-- This site is optimized with the Yoast SEO plugin v27.4 - https:\/\/yoast.com\/product\/yoast-seo-wordpress\/ -->\n<title>Shembja e rrug\u00ebs n\u00eb Prishtin\u00eb, Sve\u00e7la kritikon kryetarin - Kosova Times<\/title>\n<meta name=\"robots\" content=\"index, follow, max-snippet:-1, max-image-preview:large, max-video-preview:-1\" \/>\n<link rel=\"canonical\" href=\"https:\/\/kosovatimes.info\/index.php\/2026\/03\/29\/shembja-e-rruges-ne-prishtine-svecla-kritikon-kryetarin\/\" \/>\n<meta property=\"og:locale\" content=\"en_US\" \/>\n<meta property=\"og:type\" content=\"article\" \/>\n<meta property=\"og:title\" content=\"Shembja e rrug\u00ebs n\u00eb Prishtin\u00eb, Sve\u00e7la kritikon kryetarin - Kosova Times\" \/>\n<meta property=\"og:description\" content=\"Pas shembjes s\u00eb nj\u00eb pjese t\u00eb rrug\u00ebs \u201cDon Shtjef\u00ebn Kurti\u201d n\u00eb Prishtin\u00eb, asamblisti i L\u00ebvizjes Vet\u00ebvendosje, G\u00ebzim Sve\u00e7la, ka kritikuar munges\u00ebn e kontrollit n\u00eb nd\u00ebrtime dhe pasojat p\u00ebr qytetar\u00ebt. Sve\u00e7la ka kritikuar se nd\u00ebrtimet po realizohen pa mbik\u00ebqyrje t\u00eb duhur, lejet nd\u00ebrtimore jepen pa respektuar standardet, institucionet nuk funksionojn\u00eb si duhet, dhe qytetar\u00ebt gjenden n\u00ebn [&hellip;]\" \/>\n<meta property=\"og:url\" content=\"https:\/\/kosovatimes.info\/index.php\/2026\/03\/29\/shembja-e-rruges-ne-prishtine-svecla-kritikon-kryetarin\/\" \/>\n<meta property=\"og:site_name\" content=\"Kosova Times\" \/>\n<meta property=\"article:published_time\" content=\"2026-03-29T22:04:00+00:00\" \/>\n<meta property=\"og:image\" content=\"https:\/\/kosovatimes.info\/wp-content\/uploads\/2026\/03\/Svecla-4.jpg\" \/>\n\t<meta property=\"og:image:width\" content=\"780\" \/>\n\t<meta property=\"og:image:height\" content=\"500\" \/>\n\t<meta property=\"og:image:type\" content=\"image\/jpeg\" \/>\n<meta name=\"author\" content=\"i l\" \/>\n<meta name=\"twitter:card\" content=\"summary_large_image\" \/>\n<meta name=\"twitter:label1\" content=\"Written by\" \/>\n\t<meta name=\"twitter:data1\" content=\"i l\" \/>\n\t<meta name=\"twitter:label2\" content=\"Est. reading time\" \/>\n\t<meta name=\"twitter:data2\" content=\"1 minute\" \/>\n<script type=\"application\/ld+json\" class=\"yoast-schema-graph\">{\"@context\":\"https:\\\/\\\/schema.org\",\"@graph\":[{\"@type\":\"Article\",\"@id\":\"https:\\\/\\\/kosovatimes.info\\\/index.php\\\/2026\\\/03\\\/29\\\/shembja-e-rruges-ne-prishtine-svecla-kritikon-kryetarin\\\/#article\",\"isPartOf\":{\"@id\":\"https:\\\/\\\/kosovatimes.info\\\/index.php\\\/2026\\\/03\\\/29\\\/shembja-e-rruges-ne-prishtine-svecla-kritikon-kryetarin\\\/\"},\"author\":{\"name\":\"i l\",\"@id\":\"https:\\\/\\\/kosovatimes.info\\\/#\\\/schema\\\/person\\\/7586712b9c512fe68085de007378c915\"},\"headline\":\"Shembja e rrug\u00ebs n\u00eb Prishtin\u00eb, Sve\u00e7la kritikon kryetarin\",\"datePublished\":\"2026-03-29T22:04:00+00:00\",\"mainEntityOfPage\":{\"@id\":\"https:\\\/\\\/kosovatimes.info\\\/index.php\\\/2026\\\/03\\\/29\\\/shembja-e-rruges-ne-prishtine-svecla-kritikon-kryetarin\\\/\"},\"wordCount\":201,\"commentCount\":0,\"image\":{\"@id\":\"https:\\\/\\\/kosovatimes.info\\\/index.php\\\/2026\\\/03\\\/29\\\/shembja-e-rruges-ne-prishtine-svecla-kritikon-kryetarin\\\/#primaryimage\"},\"thumbnailUrl\":\"https:\\\/\\\/kosovatimes.info\\\/wp-content\\\/uploads\\\/2026\\\/03\\\/Svecla-4.jpg\",\"articleSection\":[\"Kosov\u00eb\",\"Lajme\"],\"inLanguage\":\"en-US\",\"potentialAction\":[{\"@type\":\"CommentAction\",\"name\":\"Comment\",\"target\":[\"https:\\\/\\\/kosovatimes.info\\\/index.php\\\/2026\\\/03\\\/29\\\/shembja-e-rruges-ne-prishtine-svecla-kritikon-kryetarin\\\/#respond\"]}]},{\"@type\":\"WebPage\",\"@id\":\"https:\\\/\\\/kosovatimes.info\\\/index.php\\\/2026\\\/03\\\/29\\\/shembja-e-rruges-ne-prishtine-svecla-kritikon-kryetarin\\\/\",\"url\":\"https:\\\/\\\/kosovatimes.info\\\/index.php\\\/2026\\\/03\\\/29\\\/shembja-e-rruges-ne-prishtine-svecla-kritikon-kryetarin\\\/\",\"name\":\"Shembja e rrug\u00ebs n\u00eb Prishtin\u00eb, Sve\u00e7la kritikon kryetarin - Kosova Times\",\"isPartOf\":{\"@id\":\"https:\\\/\\\/kosovatimes.info\\\/#website\"},\"primaryImageOfPage\":{\"@id\":\"https:\\\/\\\/kosovatimes.info\\\/index.php\\\/2026\\\/03\\\/29\\\/shembja-e-rruges-ne-prishtine-svecla-kritikon-kryetarin\\\/#primaryimage\"},\"image\":{\"@id\":\"https:\\\/\\\/kosovatimes.info\\\/index.php\\\/2026\\\/03\\\/29\\\/shembja-e-rruges-ne-prishtine-svecla-kritikon-kryetarin\\\/#primaryimage\"},\"thumbnailUrl\":\"https:\\\/\\\/kosovatimes.info\\\/wp-content\\\/uploads\\\/2026\\\/03\\\/Svecla-4.jpg\",\"datePublished\":\"2026-03-29T22:04:00+00:00\",\"author\":{\"@id\":\"https:\\\/\\\/kosovatimes.info\\\/#\\\/schema\\\/person\\\/7586712b9c512fe68085de007378c915\"},\"breadcrumb\":{\"@id\":\"https:\\\/\\\/kosovatimes.info\\\/index.php\\\/2026\\\/03\\\/29\\\/shembja-e-rruges-ne-prishtine-svecla-kritikon-kryetarin\\\/#breadcrumb\"},\"inLanguage\":\"en-US\",\"potentialAction\":[{\"@type\":\"ReadAction\",\"target\":[\"https:\\\/\\\/kosovatimes.info\\\/index.php\\\/2026\\\/03\\\/29\\\/shembja-e-rruges-ne-prishtine-svecla-kritikon-kryetarin\\\/\"]}]},{\"@type\":\"ImageObject\",\"inLanguage\":\"en-US\",\"@id\":\"https:\\\/\\\/kosovatimes.info\\\/index.php\\\/2026\\\/03\\\/29\\\/shembja-e-rruges-ne-prishtine-svecla-kritikon-kryetarin\\\/#primaryimage\",\"url\":\"https:\\\/\\\/kosovatimes.info\\\/wp-content\\\/uploads\\\/2026\\\/03\\\/Svecla-4.jpg\",\"contentUrl\":\"https:\\\/\\\/kosovatimes.info\\\/wp-content\\\/uploads\\\/2026\\\/03\\\/Svecla-4.jpg\",\"width\":780,\"height\":500},{\"@type\":\"BreadcrumbList\",\"@id\":\"https:\\\/\\\/kosovatimes.info\\\/index.php\\\/2026\\\/03\\\/29\\\/shembja-e-rruges-ne-prishtine-svecla-kritikon-kryetarin\\\/#breadcrumb\",\"itemListElement\":[{\"@type\":\"ListItem\",\"position\":1,\"name\":\"Home\",\"item\":\"https:\\\/\\\/kosovatimes.info\\\/\"},{\"@type\":\"ListItem\",\"position\":2,\"name\":\"Shembja e rrug\u00ebs n\u00eb Prishtin\u00eb, Sve\u00e7la kritikon kryetarin\"}]},{\"@type\":\"WebSite\",\"@id\":\"https:\\\/\\\/kosovatimes.info\\\/#website\",\"url\":\"https:\\\/\\\/kosovatimes.info\\\/\",\"name\":\"Kosova Times\",\"description\":\"\",\"potentialAction\":[{\"@type\":\"SearchAction\",\"target\":{\"@type\":\"EntryPoint\",\"urlTemplate\":\"https:\\\/\\\/kosovatimes.info\\\/?s={search_term_string}\"},\"query-input\":{\"@type\":\"PropertyValueSpecification\",\"valueRequired\":true,\"valueName\":\"search_term_string\"}}],\"inLanguage\":\"en-US\"},{\"@type\":\"Person\",\"@id\":\"https:\\\/\\\/kosovatimes.info\\\/#\\\/schema\\\/person\\\/7586712b9c512fe68085de007378c915\",\"name\":\"i l\",\"image\":{\"@type\":\"ImageObject\",\"inLanguage\":\"en-US\",\"@id\":\"https:\\\/\\\/secure.gravatar.com\\\/avatar\\\/bad9296e02816160ae2e2435beda58222022298d5625d49fea74d18816fbb31d?s=96&d=mm&r=g\",\"url\":\"https:\\\/\\\/secure.gravatar.com\\\/avatar\\\/bad9296e02816160ae2e2435beda58222022298d5625d49fea74d18816fbb31d?s=96&d=mm&r=g\",\"contentUrl\":\"https:\\\/\\\/secure.gravatar.com\\\/avatar\\\/bad9296e02816160ae2e2435beda58222022298d5625d49fea74d18816fbb31d?s=96&d=mm&r=g\",\"caption\":\"i l\"},\"url\":\"https:\\\/\\\/kosovatimes.info\\\/index.php\\\/author\\\/iliri\\\/\"}]}<\/script>\n<!-- \/ Yoast SEO plugin. -->","yoast_head_json":{"title":"Shembja e rrug\u00ebs n\u00eb Prishtin\u00eb, Sve\u00e7la kritikon kryetarin - Kosova Times","robots":{"index":"index","follow":"follow","max-snippet":"max-snippet:-1","max-image-preview":"max-image-preview:large","max-video-preview":"max-video-preview:-1"},"canonical":"https:\/\/kosovatimes.info\/index.php\/2026\/03\/29\/shembja-e-rruges-ne-prishtine-svecla-kritikon-kryetarin\/","og_locale":"en_US","og_type":"article","og_title":"Shembja e rrug\u00ebs n\u00eb Prishtin\u00eb, Sve\u00e7la kritikon kryetarin - Kosova Times","og_description":"Pas shembjes s\u00eb nj\u00eb pjese t\u00eb rrug\u00ebs \u201cDon Shtjef\u00ebn Kurti\u201d n\u00eb Prishtin\u00eb, asamblisti i L\u00ebvizjes Vet\u00ebvendosje, G\u00ebzim Sve\u00e7la, ka kritikuar munges\u00ebn e kontrollit n\u00eb nd\u00ebrtime dhe pasojat p\u00ebr qytetar\u00ebt. Sve\u00e7la ka kritikuar se nd\u00ebrtimet po realizohen pa mbik\u00ebqyrje t\u00eb duhur, lejet nd\u00ebrtimore jepen pa respektuar standardet, institucionet nuk funksionojn\u00eb si duhet, dhe qytetar\u00ebt gjenden n\u00ebn [&hellip;]","og_url":"https:\/\/kosovatimes.info\/index.php\/2026\/03\/29\/shembja-e-rruges-ne-prishtine-svecla-kritikon-kryetarin\/","og_site_name":"Kosova Times","article_published_time":"2026-03-29T22:04:00+00:00","og_image":[{"width":780,"height":500,"url":"https:\/\/kosovatimes.info\/wp-content\/uploads\/2026\/03\/Svecla-4.jpg","type":"image\/jpeg"}],"author":"i l","twitter_card":"summary_large_image","twitter_misc":{"Written by":"i l","Est. reading time":"1 minute"},"schema":{"@context":"https:\/\/schema.org","@graph":[{"@type":"Article","@id":"https:\/\/kosovatimes.info\/index.php\/2026\/03\/29\/shembja-e-rruges-ne-prishtine-svecla-kritikon-kryetarin\/#article","isPartOf":{"@id":"https:\/\/kosovatimes.info\/index.php\/2026\/03\/29\/shembja-e-rruges-ne-prishtine-svecla-kritikon-kryetarin\/"},"author":{"name":"i l","@id":"https:\/\/kosovatimes.info\/#\/schema\/person\/7586712b9c512fe68085de007378c915"},"headline":"Shembja e rrug\u00ebs n\u00eb Prishtin\u00eb, Sve\u00e7la kritikon kryetarin","datePublished":"2026-03-29T22:04:00+00:00","mainEntityOfPage":{"@id":"https:\/\/kosovatimes.info\/index.php\/2026\/03\/29\/shembja-e-rruges-ne-prishtine-svecla-kritikon-kryetarin\/"},"wordCount":201,"commentCount":0,"image":{"@id":"https:\/\/kosovatimes.info\/index.php\/2026\/03\/29\/shembja-e-rruges-ne-prishtine-svecla-kritikon-kryetarin\/#primaryimage"},"thumbnailUrl":"https:\/\/kosovatimes.info\/wp-content\/uploads\/2026\/03\/Svecla-4.jpg","articleSection":["Kosov\u00eb","Lajme"],"inLanguage":"en-US","potentialAction":[{"@type":"CommentAction","name":"Comment","target":["https:\/\/kosovatimes.info\/index.php\/2026\/03\/29\/shembja-e-rruges-ne-prishtine-svecla-kritikon-kryetarin\/#respond"]}]},{"@type":"WebPage","@id":"https:\/\/kosovatimes.info\/index.php\/2026\/03\/29\/shembja-e-rruges-ne-prishtine-svecla-kritikon-kryetarin\/","url":"https:\/\/kosovatimes.info\/index.php\/2026\/03\/29\/shembja-e-rruges-ne-prishtine-svecla-kritikon-kryetarin\/","name":"Shembja e rrug\u00ebs n\u00eb Prishtin\u00eb, Sve\u00e7la kritikon kryetarin - Kosova Times","isPartOf":{"@id":"https:\/\/kosovatimes.info\/#website"},"primaryImageOfPage":{"@id":"https:\/\/kosovatimes.info\/index.php\/2026\/03\/29\/shembja-e-rruges-ne-prishtine-svecla-kritikon-kryetarin\/#primaryimage"},"image":{"@id":"https:\/\/kosovatimes.info\/index.php\/2026\/03\/29\/shembja-e-rruges-ne-prishtine-svecla-kritikon-kryetarin\/#primaryimage"},"thumbnailUrl":"https:\/\/kosovatimes.info\/wp-content\/uploads\/2026\/03\/Svecla-4.jpg","datePublished":"2026-03-29T22:04:00+00:00","author":{"@id":"https:\/\/kosovatimes.info\/#\/schema\/person\/7586712b9c512fe68085de007378c915"},"breadcrumb":{"@id":"https:\/\/kosovatimes.info\/index.php\/2026\/03\/29\/shembja-e-rruges-ne-prishtine-svecla-kritikon-kryetarin\/#breadcrumb"},"inLanguage":"en-US","potentialAction":[{"@type":"ReadAction","target":["https:\/\/kosovatimes.info\/index.php\/2026\/03\/29\/shembja-e-rruges-ne-prishtine-svecla-kritikon-kryetarin\/"]}]},{"@type":"ImageObject","inLanguage":"en-US","@id":"https:\/\/kosovatimes.info\/index.php\/2026\/03\/29\/shembja-e-rruges-ne-prishtine-svecla-kritikon-kryetarin\/#primaryimage","url":"https:\/\/kosovatimes.info\/wp-content\/uploads\/2026\/03\/Svecla-4.jpg","contentUrl":"https:\/\/kosovatimes.info\/wp-content\/uploads\/2026\/03\/Svecla-4.jpg","width":780,"height":500},{"@type":"BreadcrumbList","@id":"https:\/\/kosovatimes.info\/index.php\/2026\/03\/29\/shembja-e-rruges-ne-prishtine-svecla-kritikon-kryetarin\/#breadcrumb","itemListElement":[{"@type":"ListItem","position":1,"name":"Home","item":"https:\/\/kosovatimes.info\/"},{"@type":"ListItem","position":2,"name":"Shembja e rrug\u00ebs n\u00eb Prishtin\u00eb, Sve\u00e7la kritikon kryetarin"}]},{"@type":"WebSite","@id":"https:\/\/kosovatimes.info\/#website","url":"https:\/\/kosovatimes.info\/","name":"Kosova Times","description":"","potentialAction":[{"@type":"SearchAction","target":{"@type":"EntryPoint","urlTemplate":"https:\/\/kosovatimes.info\/?s={search_term_string}"},"query-input":{"@type":"PropertyValueSpecification","valueRequired":true,"valueName":"search_term_string"}}],"inLanguage":"en-US"},{"@type":"Person","@id":"https:\/\/kosovatimes.info\/#\/schema\/person\/7586712b9c512fe68085de007378c915","name":"i l","image":{"@type":"ImageObject","inLanguage":"en-US","@id":"https:\/\/secure.gravatar.com\/avatar\/bad9296e02816160ae2e2435beda58222022298d5625d49fea74d18816fbb31d?s=96&d=mm&r=g","url":"https:\/\/secure.gravatar.com\/avatar\/bad9296e02816160ae2e2435beda58222022298d5625d49fea74d18816fbb31d?s=96&d=mm&r=g","contentUrl":"https:\/\/secure.gravatar.com\/avatar\/bad9296e02816160ae2e2435beda58222022298d5625d49fea74d18816fbb31d?s=96&d=mm&r=g","caption":"i l"},"url":"https:\/\/kosovatimes.info\/index.php\/author\/iliri\/"}]}},"_links":{"self":[{"href":"https:\/\/kosovatimes.info\/index.php\/wp-json\/wp\/v2\/posts\/7235","targetHints":{"allow":["GET"]}}],"collection":[{"href":"https:\/\/kosovatimes.info\/index.php\/wp-json\/wp\/v2\/posts"}],"about":[{"href":"https:\/\/kosovatimes.info\/index.php\/wp-json\/wp\/v2\/types\/post"}],"author":[{"embeddable":true,"href":"https:\/\/kosovatimes.info\/index.php\/wp-json\/wp\/v2\/users\/4"}],"replies":[{"embeddable":true,"href":"https:\/\/kosovatimes.info\/index.php\/wp-json\/wp\/v2\/comments?post=7235"}],"version-history":[{"count":1,"href":"https:\/\/kosovatimes.info\/index.php\/wp-json\/wp\/v2\/posts\/7235\/revisions"}],"predecessor-version":[{"id":7237,"href":"https:\/\/kosovatimes.info\/index.php\/wp-json\/wp\/v2\/posts\/7235\/revisions\/7237"}],"wp:featuredmedia":[{"embeddable":true,"href":"https:\/\/kosovatimes.info\/index.php\/wp-json\/wp\/v2\/media\/7236"}],"wp:attachment":[{"href":"https:\/\/kosovatimes.info\/index.php\/wp-json\/wp\/v2\/media?parent=7235"}],"wp:term":[{"taxonomy":"category","embeddable":true,"href":"https:\/\/kosovatimes.info\/index.php\/wp-json\/wp\/v2\/categories?post=7235"},{"taxonomy":"post_tag","embeddable":true,"href":"https:\/\/kosovatimes.info\/index.php\/wp-json\/wp\/v2\/tags?post=7235"}],"curies":[{"name":"wp","href":"https:\/\/api.w.org\/{rel}","templated":true}]}}