{"id":7294,"date":"2026-03-30T00:59:00","date_gmt":"2026-03-30T00:59:00","guid":{"rendered":"https:\/\/kosovatimes.info\/?p=7294"},"modified":"2026-03-30T11:59:58","modified_gmt":"2026-03-30T11:59:58","slug":"kurti-kundershton-heqjen-e-akcizes-dhe-tvsh-se-per-naften","status":"publish","type":"post","link":"https:\/\/kosovatimes.info\/index.php\/2026\/03\/30\/kurti-kundershton-heqjen-e-akcizes-dhe-tvsh-se-per-naften\/","title":{"rendered":"Kurti kund\u00ebrshton heqjen e akciz\u00ebs dhe TVSH-s\u00eb p\u00ebr naft\u00ebn"},"content":{"rendered":"\n<p class=\"wp-block-paragraph\"><strong>Kryeministri i Kosov\u00ebs, Albin Kurti, ka refuzuar k\u00ebrkesat p\u00ebr heqjen e akciz\u00ebs dhe TVSH-s\u00eb mbi naft\u00ebn, duke argumentuar se k\u00ebto masa nuk bazohen n\u00eb analiza t\u00eb forta ekonomike dhe nuk do t\u00eb p\u00ebrmir\u00ebsonin situat\u00ebn p\u00ebr qytetar\u00ebt. Ai theksoi se \u00e7mimet e larta t\u00eb naft\u00ebs n\u00eb vend lidhen drejtp\u00ebrdrejt me tregjet nd\u00ebrkomb\u00ebtare, pasi Kosova nuk ka burime t\u00eb veta ose kapacitete p\u00ebrpunimi.<\/strong><\/p>\n\n\n\n<p class=\"wp-block-paragraph\">Kryeministri i Kosov\u00ebs, Albin Kurti, ka kund\u00ebrshtuar k\u00ebrkesat p\u00ebr heqjen e akciz\u00ebs dhe TVSH-s\u00eb p\u00ebr produktet e naft\u00ebs, duke theksuar se \u201ck\u00ebto propozime nuk jan\u00eb t\u00eb bazuara n\u00eb analiza t\u00eb mir\u00ebfillta ekonomike dhe nuk do t\u00eb sillnin efektin e synuar p\u00ebr qytetar\u00ebt\u201d.<\/p>\n\n\n\n<p class=\"wp-block-paragraph\">Sipas tij, \u00e7mimi i naft\u00ebs n\u00eb Kosov\u00eb ndikohet drejtp\u00ebrdrejt nga tregjet nd\u00ebrkomb\u00ebtare, pasi vendi nuk ka burime t\u00eb veta dhe as kapacitete p\u00ebr p\u00ebrpunim.<\/p>\n\n\n\n<p class=\"wp-block-paragraph\">\u201c\u00c7mimi i naft\u00ebs \u00ebsht\u00eb mjaft i lart\u00eb, ju e dini q\u00eb e gjith\u00eb nafta q\u00eb \u00ebsht\u00eb n\u00eb Kosov\u00eb importohet. Ne jo vet\u00ebm q\u00eb s\u2019kemi burime t\u00eb naft\u00ebs, por ne nuk kemi as rafineri t\u00eb naft\u00ebs. Pra ne as nuk p\u00ebrpunojm\u00eb naft\u00eb p\u00ebrve\u00e7 se nuk kemi naft\u00eb. Dhe n\u00eb k\u00ebt\u00eb m\u00ebnyr\u00eb e marrim komplet koston e inflacionit n\u00eb import. \u00c7mimet e larta q\u00eb jan\u00eb jasht\u00eb b\u00ebhen \u00e7mime ndoshta edhe m\u00eb t\u00eb larta k\u00ebtu brenda\u201dm theksoi ai.<\/p>\n\n\n\n<p class=\"wp-block-paragraph\">Sipas tij, propozimet p\u00ebr heqjen e akciz\u00ebs dhe TVSH-s\u00eb nuk jan\u00eb t\u00eb menduara mir\u00eb dhe nuk mb\u00ebshteten n\u00eb praktika t\u00eb suksesshme ekonomike:<\/p>\n\n\n\n<p class=\"wp-block-paragraph\">\u201cMinistria e Industris\u00eb, Nd\u00ebrmarr\u00ebsis\u00eb, Tregtis\u00eb e Inovacionit, ministrja Mimoza Kusari, i ka vazhduar ato masat e ish-ministres Rozeta Hajdari, dhe ajo \u00ebsht\u00eb n\u00eb komunikim t\u00eb vazhduesh\u00ebm edhe me ekspert\u00ebt. Bindja ime e fuqishme \u00ebsht\u00eb q\u00eb k\u00ebto propozimet p\u00ebr heqje t\u00eb TVSH-s\u00eb e t\u00eb akciz\u00ebs nuk jan\u00eb mir\u00eb t\u00eb menduara dhe nuk bazohen n\u00eb p\u00ebrvoja t\u00eb suksesshme apo n\u00eb dije ekonomike&#8221;, tha ai.<\/p>\n\n\n\n<p class=\"wp-block-paragraph\">Kurti tha&nbsp;q\u00eb masat e tilla mund t\u00eb favorizojn\u00eb fitime t\u00eb m\u00ebdha p\u00ebr operator\u00eb t\u00eb caktuar n\u00eb vend q\u00eb t\u00eb leht\u00ebsojn\u00eb barr\u00ebn p\u00ebr qytetar\u00ebt.<\/p>\n\n\n\n<p class=\"wp-block-paragraph\">\u201c\u00cbsht\u00eb shum\u00eb e r\u00ebnd\u00ebsishme q\u00eb t\u00eb kemi kujdes t\u00eb mos u sh\u00ebrbejm\u00eb super-profiteve t\u00eb ndokujt n\u00eb vend se t\u2019ua zbusim barr\u00ebn qytetar\u00ebve. Pra t\u00eb gjitha vendet e Evrop\u00ebs, edhe vet\u00eb Shtetet e Bashkuara t\u00eb Amerik\u00ebs, shteti m\u00eb i fuqish\u00ebm n\u00eb bot\u00eb, \u00ebsht\u00eb duke vuajtur koston e luft\u00ebs q\u00eb po zhvillohet n\u00eb Iran e Tehran, n\u00eb ngushtic\u00ebn e Hormuzit. Dhe sikur ne t\u00eb kishim port detar e sikur ne t\u00eb kishim nj\u00eb vend-madh-grumbullimi t\u00eb naft\u00ebs, at\u00ebher\u00eb fluktuacionet n\u00eb tregjet bot\u00ebrore nuk do t\u00eb p\u00ebrcilleshin kaq shpejt si\u00e7 \u00ebsht\u00eb rasti tani\u201d, theksoi ai.<\/p>\n","protected":false},"excerpt":{"rendered":"<p>Kryeministri i Kosov\u00ebs, Albin Kurti, ka refuzuar k\u00ebrkesat p\u00ebr heqjen e akciz\u00ebs dhe TVSH-s\u00eb mbi naft\u00ebn, duke argumentuar se k\u00ebto masa nuk bazohen n\u00eb analiza t\u00eb forta ekonomike dhe nuk do t\u00eb p\u00ebrmir\u00ebsonin situat\u00ebn p\u00ebr qytetar\u00ebt. Ai theksoi se \u00e7mimet e larta t\u00eb naft\u00ebs n\u00eb vend lidhen drejtp\u00ebrdrejt me tregjet nd\u00ebrkomb\u00ebtare, pasi Kosova nuk ka [&hellip;]<\/p>\n","protected":false},"author":4,"featured_media":6015,"comment_status":"open","ping_status":"open","sticky":false,"template":"","format":"standard","meta":{"footnotes":""},"categories":[31,30],"tags":[],"class_list":["post-7294","post","type-post","status-publish","format-standard","has-post-thumbnail","category-kosove","category-lajme"],"yoast_head":"<!-- This site is optimized with the Yoast SEO plugin v27.4 - https:\/\/yoast.com\/product\/yoast-seo-wordpress\/ -->\n<title>Kurti kund\u00ebrshton heqjen e akciz\u00ebs dhe TVSH-s\u00eb p\u00ebr naft\u00ebn - Kosova Times<\/title>\n<meta name=\"robots\" content=\"index, follow, max-snippet:-1, max-image-preview:large, max-video-preview:-1\" \/>\n<link rel=\"canonical\" href=\"https:\/\/kosovatimes.info\/index.php\/2026\/03\/30\/kurti-kundershton-heqjen-e-akcizes-dhe-tvsh-se-per-naften\/\" \/>\n<meta property=\"og:locale\" content=\"en_US\" \/>\n<meta property=\"og:type\" content=\"article\" \/>\n<meta property=\"og:title\" content=\"Kurti kund\u00ebrshton heqjen e akciz\u00ebs dhe TVSH-s\u00eb p\u00ebr naft\u00ebn - Kosova Times\" \/>\n<meta property=\"og:description\" content=\"Kryeministri i Kosov\u00ebs, Albin Kurti, ka refuzuar k\u00ebrkesat p\u00ebr heqjen e akciz\u00ebs dhe TVSH-s\u00eb mbi naft\u00ebn, duke argumentuar se k\u00ebto masa nuk bazohen n\u00eb analiza t\u00eb forta ekonomike dhe nuk do t\u00eb p\u00ebrmir\u00ebsonin situat\u00ebn p\u00ebr qytetar\u00ebt. Ai theksoi se \u00e7mimet e larta t\u00eb naft\u00ebs n\u00eb vend lidhen drejtp\u00ebrdrejt me tregjet nd\u00ebrkomb\u00ebtare, pasi Kosova nuk ka [&hellip;]\" \/>\n<meta property=\"og:url\" content=\"https:\/\/kosovatimes.info\/index.php\/2026\/03\/30\/kurti-kundershton-heqjen-e-akcizes-dhe-tvsh-se-per-naften\/\" \/>\n<meta property=\"og:site_name\" content=\"Kosova Times\" \/>\n<meta property=\"article:published_time\" content=\"2026-03-30T00:59:00+00:00\" \/>\n<meta property=\"article:modified_time\" content=\"2026-03-30T11:59:58+00:00\" \/>\n<meta property=\"og:image\" content=\"https:\/\/kosovatimes.info\/wp-content\/uploads\/2026\/03\/nafta-3.webp\" \/>\n\t<meta property=\"og:image:width\" content=\"800\" \/>\n\t<meta property=\"og:image:height\" content=\"533\" \/>\n\t<meta property=\"og:image:type\" content=\"image\/webp\" \/>\n<meta name=\"author\" content=\"i l\" \/>\n<meta name=\"twitter:card\" content=\"summary_large_image\" \/>\n<meta name=\"twitter:label1\" content=\"Written by\" \/>\n\t<meta name=\"twitter:data1\" content=\"i l\" \/>\n\t<meta name=\"twitter:label2\" content=\"Est. reading time\" \/>\n\t<meta name=\"twitter:data2\" content=\"2 minutes\" \/>\n<script type=\"application\/ld+json\" class=\"yoast-schema-graph\">{\"@context\":\"https:\\\/\\\/schema.org\",\"@graph\":[{\"@type\":\"Article\",\"@id\":\"https:\\\/\\\/kosovatimes.info\\\/index.php\\\/2026\\\/03\\\/30\\\/kurti-kundershton-heqjen-e-akcizes-dhe-tvsh-se-per-naften\\\/#article\",\"isPartOf\":{\"@id\":\"https:\\\/\\\/kosovatimes.info\\\/index.php\\\/2026\\\/03\\\/30\\\/kurti-kundershton-heqjen-e-akcizes-dhe-tvsh-se-per-naften\\\/\"},\"author\":{\"name\":\"i l\",\"@id\":\"https:\\\/\\\/kosovatimes.info\\\/#\\\/schema\\\/person\\\/7586712b9c512fe68085de007378c915\"},\"headline\":\"Kurti kund\u00ebrshton heqjen e akciz\u00ebs dhe TVSH-s\u00eb p\u00ebr naft\u00ebn\",\"datePublished\":\"2026-03-30T00:59:00+00:00\",\"dateModified\":\"2026-03-30T11:59:58+00:00\",\"mainEntityOfPage\":{\"@id\":\"https:\\\/\\\/kosovatimes.info\\\/index.php\\\/2026\\\/03\\\/30\\\/kurti-kundershton-heqjen-e-akcizes-dhe-tvsh-se-per-naften\\\/\"},\"wordCount\":492,\"commentCount\":0,\"image\":{\"@id\":\"https:\\\/\\\/kosovatimes.info\\\/index.php\\\/2026\\\/03\\\/30\\\/kurti-kundershton-heqjen-e-akcizes-dhe-tvsh-se-per-naften\\\/#primaryimage\"},\"thumbnailUrl\":\"https:\\\/\\\/kosovatimes.info\\\/wp-content\\\/uploads\\\/2026\\\/03\\\/nafta-3.webp\",\"articleSection\":[\"Kosov\u00eb\",\"Lajme\"],\"inLanguage\":\"en-US\",\"potentialAction\":[{\"@type\":\"CommentAction\",\"name\":\"Comment\",\"target\":[\"https:\\\/\\\/kosovatimes.info\\\/index.php\\\/2026\\\/03\\\/30\\\/kurti-kundershton-heqjen-e-akcizes-dhe-tvsh-se-per-naften\\\/#respond\"]}]},{\"@type\":\"WebPage\",\"@id\":\"https:\\\/\\\/kosovatimes.info\\\/index.php\\\/2026\\\/03\\\/30\\\/kurti-kundershton-heqjen-e-akcizes-dhe-tvsh-se-per-naften\\\/\",\"url\":\"https:\\\/\\\/kosovatimes.info\\\/index.php\\\/2026\\\/03\\\/30\\\/kurti-kundershton-heqjen-e-akcizes-dhe-tvsh-se-per-naften\\\/\",\"name\":\"Kurti kund\u00ebrshton heqjen e akciz\u00ebs dhe TVSH-s\u00eb p\u00ebr naft\u00ebn - Kosova Times\",\"isPartOf\":{\"@id\":\"https:\\\/\\\/kosovatimes.info\\\/#website\"},\"primaryImageOfPage\":{\"@id\":\"https:\\\/\\\/kosovatimes.info\\\/index.php\\\/2026\\\/03\\\/30\\\/kurti-kundershton-heqjen-e-akcizes-dhe-tvsh-se-per-naften\\\/#primaryimage\"},\"image\":{\"@id\":\"https:\\\/\\\/kosovatimes.info\\\/index.php\\\/2026\\\/03\\\/30\\\/kurti-kundershton-heqjen-e-akcizes-dhe-tvsh-se-per-naften\\\/#primaryimage\"},\"thumbnailUrl\":\"https:\\\/\\\/kosovatimes.info\\\/wp-content\\\/uploads\\\/2026\\\/03\\\/nafta-3.webp\",\"datePublished\":\"2026-03-30T00:59:00+00:00\",\"dateModified\":\"2026-03-30T11:59:58+00:00\",\"author\":{\"@id\":\"https:\\\/\\\/kosovatimes.info\\\/#\\\/schema\\\/person\\\/7586712b9c512fe68085de007378c915\"},\"breadcrumb\":{\"@id\":\"https:\\\/\\\/kosovatimes.info\\\/index.php\\\/2026\\\/03\\\/30\\\/kurti-kundershton-heqjen-e-akcizes-dhe-tvsh-se-per-naften\\\/#breadcrumb\"},\"inLanguage\":\"en-US\",\"potentialAction\":[{\"@type\":\"ReadAction\",\"target\":[\"https:\\\/\\\/kosovatimes.info\\\/index.php\\\/2026\\\/03\\\/30\\\/kurti-kundershton-heqjen-e-akcizes-dhe-tvsh-se-per-naften\\\/\"]}]},{\"@type\":\"ImageObject\",\"inLanguage\":\"en-US\",\"@id\":\"https:\\\/\\\/kosovatimes.info\\\/index.php\\\/2026\\\/03\\\/30\\\/kurti-kundershton-heqjen-e-akcizes-dhe-tvsh-se-per-naften\\\/#primaryimage\",\"url\":\"https:\\\/\\\/kosovatimes.info\\\/wp-content\\\/uploads\\\/2026\\\/03\\\/nafta-3.webp\",\"contentUrl\":\"https:\\\/\\\/kosovatimes.info\\\/wp-content\\\/uploads\\\/2026\\\/03\\\/nafta-3.webp\",\"width\":800,\"height\":533},{\"@type\":\"BreadcrumbList\",\"@id\":\"https:\\\/\\\/kosovatimes.info\\\/index.php\\\/2026\\\/03\\\/30\\\/kurti-kundershton-heqjen-e-akcizes-dhe-tvsh-se-per-naften\\\/#breadcrumb\",\"itemListElement\":[{\"@type\":\"ListItem\",\"position\":1,\"name\":\"Home\",\"item\":\"https:\\\/\\\/kosovatimes.info\\\/\"},{\"@type\":\"ListItem\",\"position\":2,\"name\":\"Kurti kund\u00ebrshton heqjen e akciz\u00ebs dhe TVSH-s\u00eb p\u00ebr naft\u00ebn\"}]},{\"@type\":\"WebSite\",\"@id\":\"https:\\\/\\\/kosovatimes.info\\\/#website\",\"url\":\"https:\\\/\\\/kosovatimes.info\\\/\",\"name\":\"Kosova Times\",\"description\":\"\",\"potentialAction\":[{\"@type\":\"SearchAction\",\"target\":{\"@type\":\"EntryPoint\",\"urlTemplate\":\"https:\\\/\\\/kosovatimes.info\\\/?s={search_term_string}\"},\"query-input\":{\"@type\":\"PropertyValueSpecification\",\"valueRequired\":true,\"valueName\":\"search_term_string\"}}],\"inLanguage\":\"en-US\"},{\"@type\":\"Person\",\"@id\":\"https:\\\/\\\/kosovatimes.info\\\/#\\\/schema\\\/person\\\/7586712b9c512fe68085de007378c915\",\"name\":\"i l\",\"image\":{\"@type\":\"ImageObject\",\"inLanguage\":\"en-US\",\"@id\":\"https:\\\/\\\/secure.gravatar.com\\\/avatar\\\/bad9296e02816160ae2e2435beda58222022298d5625d49fea74d18816fbb31d?s=96&d=mm&r=g\",\"url\":\"https:\\\/\\\/secure.gravatar.com\\\/avatar\\\/bad9296e02816160ae2e2435beda58222022298d5625d49fea74d18816fbb31d?s=96&d=mm&r=g\",\"contentUrl\":\"https:\\\/\\\/secure.gravatar.com\\\/avatar\\\/bad9296e02816160ae2e2435beda58222022298d5625d49fea74d18816fbb31d?s=96&d=mm&r=g\",\"caption\":\"i l\"},\"url\":\"https:\\\/\\\/kosovatimes.info\\\/index.php\\\/author\\\/iliri\\\/\"}]}<\/script>\n<!-- \/ Yoast SEO plugin. -->","yoast_head_json":{"title":"Kurti kund\u00ebrshton heqjen e akciz\u00ebs dhe TVSH-s\u00eb p\u00ebr naft\u00ebn - Kosova Times","robots":{"index":"index","follow":"follow","max-snippet":"max-snippet:-1","max-image-preview":"max-image-preview:large","max-video-preview":"max-video-preview:-1"},"canonical":"https:\/\/kosovatimes.info\/index.php\/2026\/03\/30\/kurti-kundershton-heqjen-e-akcizes-dhe-tvsh-se-per-naften\/","og_locale":"en_US","og_type":"article","og_title":"Kurti kund\u00ebrshton heqjen e akciz\u00ebs dhe TVSH-s\u00eb p\u00ebr naft\u00ebn - Kosova Times","og_description":"Kryeministri i Kosov\u00ebs, Albin Kurti, ka refuzuar k\u00ebrkesat p\u00ebr heqjen e akciz\u00ebs dhe TVSH-s\u00eb mbi naft\u00ebn, duke argumentuar se k\u00ebto masa nuk bazohen n\u00eb analiza t\u00eb forta ekonomike dhe nuk do t\u00eb p\u00ebrmir\u00ebsonin situat\u00ebn p\u00ebr qytetar\u00ebt. Ai theksoi se \u00e7mimet e larta t\u00eb naft\u00ebs n\u00eb vend lidhen drejtp\u00ebrdrejt me tregjet nd\u00ebrkomb\u00ebtare, pasi Kosova nuk ka [&hellip;]","og_url":"https:\/\/kosovatimes.info\/index.php\/2026\/03\/30\/kurti-kundershton-heqjen-e-akcizes-dhe-tvsh-se-per-naften\/","og_site_name":"Kosova Times","article_published_time":"2026-03-30T00:59:00+00:00","article_modified_time":"2026-03-30T11:59:58+00:00","og_image":[{"width":800,"height":533,"url":"https:\/\/kosovatimes.info\/wp-content\/uploads\/2026\/03\/nafta-3.webp","type":"image\/webp"}],"author":"i l","twitter_card":"summary_large_image","twitter_misc":{"Written by":"i l","Est. reading time":"2 minutes"},"schema":{"@context":"https:\/\/schema.org","@graph":[{"@type":"Article","@id":"https:\/\/kosovatimes.info\/index.php\/2026\/03\/30\/kurti-kundershton-heqjen-e-akcizes-dhe-tvsh-se-per-naften\/#article","isPartOf":{"@id":"https:\/\/kosovatimes.info\/index.php\/2026\/03\/30\/kurti-kundershton-heqjen-e-akcizes-dhe-tvsh-se-per-naften\/"},"author":{"name":"i l","@id":"https:\/\/kosovatimes.info\/#\/schema\/person\/7586712b9c512fe68085de007378c915"},"headline":"Kurti kund\u00ebrshton heqjen e akciz\u00ebs dhe TVSH-s\u00eb p\u00ebr naft\u00ebn","datePublished":"2026-03-30T00:59:00+00:00","dateModified":"2026-03-30T11:59:58+00:00","mainEntityOfPage":{"@id":"https:\/\/kosovatimes.info\/index.php\/2026\/03\/30\/kurti-kundershton-heqjen-e-akcizes-dhe-tvsh-se-per-naften\/"},"wordCount":492,"commentCount":0,"image":{"@id":"https:\/\/kosovatimes.info\/index.php\/2026\/03\/30\/kurti-kundershton-heqjen-e-akcizes-dhe-tvsh-se-per-naften\/#primaryimage"},"thumbnailUrl":"https:\/\/kosovatimes.info\/wp-content\/uploads\/2026\/03\/nafta-3.webp","articleSection":["Kosov\u00eb","Lajme"],"inLanguage":"en-US","potentialAction":[{"@type":"CommentAction","name":"Comment","target":["https:\/\/kosovatimes.info\/index.php\/2026\/03\/30\/kurti-kundershton-heqjen-e-akcizes-dhe-tvsh-se-per-naften\/#respond"]}]},{"@type":"WebPage","@id":"https:\/\/kosovatimes.info\/index.php\/2026\/03\/30\/kurti-kundershton-heqjen-e-akcizes-dhe-tvsh-se-per-naften\/","url":"https:\/\/kosovatimes.info\/index.php\/2026\/03\/30\/kurti-kundershton-heqjen-e-akcizes-dhe-tvsh-se-per-naften\/","name":"Kurti kund\u00ebrshton heqjen e akciz\u00ebs dhe TVSH-s\u00eb p\u00ebr naft\u00ebn - Kosova Times","isPartOf":{"@id":"https:\/\/kosovatimes.info\/#website"},"primaryImageOfPage":{"@id":"https:\/\/kosovatimes.info\/index.php\/2026\/03\/30\/kurti-kundershton-heqjen-e-akcizes-dhe-tvsh-se-per-naften\/#primaryimage"},"image":{"@id":"https:\/\/kosovatimes.info\/index.php\/2026\/03\/30\/kurti-kundershton-heqjen-e-akcizes-dhe-tvsh-se-per-naften\/#primaryimage"},"thumbnailUrl":"https:\/\/kosovatimes.info\/wp-content\/uploads\/2026\/03\/nafta-3.webp","datePublished":"2026-03-30T00:59:00+00:00","dateModified":"2026-03-30T11:59:58+00:00","author":{"@id":"https:\/\/kosovatimes.info\/#\/schema\/person\/7586712b9c512fe68085de007378c915"},"breadcrumb":{"@id":"https:\/\/kosovatimes.info\/index.php\/2026\/03\/30\/kurti-kundershton-heqjen-e-akcizes-dhe-tvsh-se-per-naften\/#breadcrumb"},"inLanguage":"en-US","potentialAction":[{"@type":"ReadAction","target":["https:\/\/kosovatimes.info\/index.php\/2026\/03\/30\/kurti-kundershton-heqjen-e-akcizes-dhe-tvsh-se-per-naften\/"]}]},{"@type":"ImageObject","inLanguage":"en-US","@id":"https:\/\/kosovatimes.info\/index.php\/2026\/03\/30\/kurti-kundershton-heqjen-e-akcizes-dhe-tvsh-se-per-naften\/#primaryimage","url":"https:\/\/kosovatimes.info\/wp-content\/uploads\/2026\/03\/nafta-3.webp","contentUrl":"https:\/\/kosovatimes.info\/wp-content\/uploads\/2026\/03\/nafta-3.webp","width":800,"height":533},{"@type":"BreadcrumbList","@id":"https:\/\/kosovatimes.info\/index.php\/2026\/03\/30\/kurti-kundershton-heqjen-e-akcizes-dhe-tvsh-se-per-naften\/#breadcrumb","itemListElement":[{"@type":"ListItem","position":1,"name":"Home","item":"https:\/\/kosovatimes.info\/"},{"@type":"ListItem","position":2,"name":"Kurti kund\u00ebrshton heqjen e akciz\u00ebs dhe TVSH-s\u00eb p\u00ebr naft\u00ebn"}]},{"@type":"WebSite","@id":"https:\/\/kosovatimes.info\/#website","url":"https:\/\/kosovatimes.info\/","name":"Kosova Times","description":"","potentialAction":[{"@type":"SearchAction","target":{"@type":"EntryPoint","urlTemplate":"https:\/\/kosovatimes.info\/?s={search_term_string}"},"query-input":{"@type":"PropertyValueSpecification","valueRequired":true,"valueName":"search_term_string"}}],"inLanguage":"en-US"},{"@type":"Person","@id":"https:\/\/kosovatimes.info\/#\/schema\/person\/7586712b9c512fe68085de007378c915","name":"i l","image":{"@type":"ImageObject","inLanguage":"en-US","@id":"https:\/\/secure.gravatar.com\/avatar\/bad9296e02816160ae2e2435beda58222022298d5625d49fea74d18816fbb31d?s=96&d=mm&r=g","url":"https:\/\/secure.gravatar.com\/avatar\/bad9296e02816160ae2e2435beda58222022298d5625d49fea74d18816fbb31d?s=96&d=mm&r=g","contentUrl":"https:\/\/secure.gravatar.com\/avatar\/bad9296e02816160ae2e2435beda58222022298d5625d49fea74d18816fbb31d?s=96&d=mm&r=g","caption":"i l"},"url":"https:\/\/kosovatimes.info\/index.php\/author\/iliri\/"}]}},"_links":{"self":[{"href":"https:\/\/kosovatimes.info\/index.php\/wp-json\/wp\/v2\/posts\/7294","targetHints":{"allow":["GET"]}}],"collection":[{"href":"https:\/\/kosovatimes.info\/index.php\/wp-json\/wp\/v2\/posts"}],"about":[{"href":"https:\/\/kosovatimes.info\/index.php\/wp-json\/wp\/v2\/types\/post"}],"author":[{"embeddable":true,"href":"https:\/\/kosovatimes.info\/index.php\/wp-json\/wp\/v2\/users\/4"}],"replies":[{"embeddable":true,"href":"https:\/\/kosovatimes.info\/index.php\/wp-json\/wp\/v2\/comments?post=7294"}],"version-history":[{"count":1,"href":"https:\/\/kosovatimes.info\/index.php\/wp-json\/wp\/v2\/posts\/7294\/revisions"}],"predecessor-version":[{"id":7295,"href":"https:\/\/kosovatimes.info\/index.php\/wp-json\/wp\/v2\/posts\/7294\/revisions\/7295"}],"wp:featuredmedia":[{"embeddable":true,"href":"https:\/\/kosovatimes.info\/index.php\/wp-json\/wp\/v2\/media\/6015"}],"wp:attachment":[{"href":"https:\/\/kosovatimes.info\/index.php\/wp-json\/wp\/v2\/media?parent=7294"}],"wp:term":[{"taxonomy":"category","embeddable":true,"href":"https:\/\/kosovatimes.info\/index.php\/wp-json\/wp\/v2\/categories?post=7294"},{"taxonomy":"post_tag","embeddable":true,"href":"https:\/\/kosovatimes.info\/index.php\/wp-json\/wp\/v2\/tags?post=7294"}],"curies":[{"name":"wp","href":"https:\/\/api.w.org\/{rel}","templated":true}]}}